{"id":9083,"date":"2026-09-05T02:01:48","date_gmt":"2026-09-04T23:01:48","guid":{"rendered":"https:\/\/yurtbakisi.com\/?p=9083"},"modified":"2026-09-05T02:01:55","modified_gmt":"2026-09-04T23:01:55","slug":"girne-aciklarinda-naaslari-bulunan-2-kadinin-kimligi-belli-oldu","status":"publish","type":"post","link":"https:\/\/yurtbakisi.com\/?p=9083","title":{"rendered":"Girne a\u00e7\u0131klar\u0131nda naa\u015flar\u0131 bulunan 2 kad\u0131n\u0131n kimli\u011fi belli oldu"},"content":{"rendered":"<p>Kuzey K\u0131br\u0131s T\u00fcrk Cumhuriyeti (KKTC) Ba\u015fbakan\u0131 \u00dcnal \u00dcstel, Girne a\u00e7\u0131klar\u0131nda alabora olduktan sonra batan yolcu gemisinden kaybolan ve arama \u00e7al\u0131\u015fmalar\u0131 sonucunda naa\u015flar\u0131 bulunan 2 kad\u0131n yolcunun kimli\u011fini a\u00e7\u0131klad\u0131.<\/p>\n<p><strong>Kaynak:<\/strong> TRT Haber \u2014 <a href=\"https:\/\/www.trthaber.com\/haber\/gundem\/girne-aciklarinda-naaslari-bulunan-2-kadinin-kimligi-belli-oldu-955934.html\" target=\"_blank\" rel=\"nofollow noopener\">Haberin devam\u0131n\u0131 \u00f6zg\u00fcn kayna\u011f\u0131nda oku<\/a><\/p>\n","protected":false},"excerpt":{"rendered":"<p>Kuzey K\u0131br\u0131s T\u00fcrk Cumhuriyeti (KKTC) Ba\u015fbakan\u0131 \u00dcnal \u00dcstel, Girne a\u00e7\u0131klar\u0131nda alabora olduktan sonra batan yolcu gemisinden kaybolan ve arama \u00e7al\u0131\u015fmalar\u0131 sonucunda naa\u015flar\u0131 bulunan 2 kad\u0131n yolcunun kimli\u011fini a\u00e7\u0131klad\u0131.<\/p>\n","protected":false},"author":0,"featured_media":9084,"comment_status":"closed","ping_status":"closed","sticky":false,"template":"","format":"standard","meta":{"_yb_topic_hash":"6be4310473376a94fd7de2ef647a5801621826138319ddca52bdd6e576902fa8","_yb_image_repair_status":"","_yb_image_repair_last":"","_yb_image_repair_attempts":0,"_yb_source_trust_score":0,"footnotes":""},"categories":[153],"tags":[],"yb_news_series":[],"yb_language":[],"class_list":["post-9083","post","type-post","status-publish","format-standard","has-post-thumbnail","hentry","category-gundem"],"blocksy_meta":[],"_links":{"self":[{"href":"https:\/\/yurtbakisi.com\/index.php?rest_route=\/wp\/v2\/posts\/9083","targetHints":{"allow":["GET"]}}],"collection":[{"href":"https:\/\/yurtbakisi.com\/index.php?rest_route=\/wp\/v2\/posts"}],"about":[{"href":"https:\/\/yurtbakisi.com\/index.php?rest_route=\/wp\/v2\/types\/post"}],"replies":[{"embeddable":true,"href":"https:\/\/yurtbakisi.com\/index.php?rest_route=%2Fwp%2Fv2%2Fcomments&post=9083"}],"version-history":[{"count":1,"href":"https:\/\/yurtbakisi.com\/index.php?rest_route=\/wp\/v2\/posts\/9083\/revisions"}],"predecessor-version":[{"id":9085,"href":"https:\/\/yurtbakisi.com\/index.php?rest_route=\/wp\/v2\/posts\/9083\/revisions\/9085"}],"wp:featuredmedia":[{"embeddable":true,"href":"https:\/\/yurtbakisi.com\/index.php?rest_route=\/wp\/v2\/media\/9084"}],"wp:attachment":[{"href":"https:\/\/yurtbakisi.com\/index.php?rest_route=%2Fwp%2Fv2%2Fmedia&parent=9083"}],"wp:term":[{"taxonomy":"category","embeddable":true,"href":"https:\/\/yurtbakisi.com\/index.php?rest_route=%2Fwp%2Fv2%2Fcategories&post=9083"},{"taxonomy":"post_tag","embeddable":true,"href":"https:\/\/yurtbakisi.com\/index.php?rest_route=%2Fwp%2Fv2%2Ftags&post=9083"},{"taxonomy":"yb_news_series","embeddable":true,"href":"https:\/\/yurtbakisi.com\/index.php?rest_route=%2Fwp%2Fv2%2Fyb_news_series&post=9083"},{"taxonomy":"yb_language","embeddable":true,"href":"https:\/\/yurtbakisi.com\/index.php?rest_route=%2Fwp%2Fv2%2Fyb_language&post=9083"}],"curies":[{"name":"wp","href":"https:\/\/api.w.org\/{rel}","templated":true}]}}