{"id":9090,"date":"2026-09-05T02:57:11","date_gmt":"2026-09-04T23:57:11","guid":{"rendered":"https:\/\/yurtbakisi.com\/?p=9090"},"modified":"2026-09-05T02:57:17","modified_gmt":"2026-09-04T23:57:17","slug":"bartinda-findik-iscilerini-tasiyan-tarim-araci-devrildi-8-yarali","status":"publish","type":"post","link":"https:\/\/yurtbakisi.com\/?p=9090","title":{"rendered":"Bart\u0131n&#039;da f\u0131nd\u0131k i\u015f\u00e7ilerini ta\u015f\u0131yan tar\u0131m arac\u0131 devrildi: 8 yaral\u0131"},"content":{"rendered":"<p>Bart\u0131n&#039;da f\u0131nd\u0131k i\u015f\u00e7ilerini ta\u015f\u0131yan &quot;pat pat&quot; diye tabir edilen tar\u0131m arac\u0131n\u0131n devrilmesi sonucu 1&#039;i \u00e7ocuk 8 ki\u015fi yaraland\u0131.<\/p>\n<p><strong>Kaynak:<\/strong> TRT Haber \u2014 <a href=\"https:\/\/www.trthaber.com\/haber\/turkiye\/bartinda-findik-iscilerini-tasiyan-tarim-araci-devrildi-8-yarali-955931.html\" target=\"_blank\" rel=\"nofollow noopener\">Haberin devam\u0131n\u0131 \u00f6zg\u00fcn kayna\u011f\u0131nda oku<\/a><\/p>\n","protected":false},"excerpt":{"rendered":"<p>Bart\u0131n&#8217;da f\u0131nd\u0131k i\u015f\u00e7ilerini ta\u015f\u0131yan &#8220;pat pat&#8221; diye tabir edilen tar\u0131m arac\u0131n\u0131n devrilmesi sonucu 1&#8217;i \u00e7ocuk 8 ki\u015fi yaraland\u0131.<\/p>\n","protected":false},"author":0,"featured_media":9091,"comment_status":"closed","ping_status":"closed","sticky":false,"template":"","format":"standard","meta":{"_yb_topic_hash":"2d9a788ff0a8bccd164760ea8c9a60c47f5274961be621c921741fe3afb924f6","_yb_image_repair_status":"","_yb_image_repair_last":"","_yb_image_repair_attempts":0,"_yb_source_trust_score":0,"footnotes":""},"categories":[154],"tags":[],"yb_news_series":[],"yb_language":[],"class_list":["post-9090","post","type-post","status-publish","format-standard","has-post-thumbnail","hentry","category-turkiye"],"blocksy_meta":[],"_links":{"self":[{"href":"https:\/\/yurtbakisi.com\/index.php?rest_route=\/wp\/v2\/posts\/9090","targetHints":{"allow":["GET"]}}],"collection":[{"href":"https:\/\/yurtbakisi.com\/index.php?rest_route=\/wp\/v2\/posts"}],"about":[{"href":"https:\/\/yurtbakisi.com\/index.php?rest_route=\/wp\/v2\/types\/post"}],"replies":[{"embeddable":true,"href":"https:\/\/yurtbakisi.com\/index.php?rest_route=%2Fwp%2Fv2%2Fcomments&post=9090"}],"version-history":[{"count":1,"href":"https:\/\/yurtbakisi.com\/index.php?rest_route=\/wp\/v2\/posts\/9090\/revisions"}],"predecessor-version":[{"id":9092,"href":"https:\/\/yurtbakisi.com\/index.php?rest_route=\/wp\/v2\/posts\/9090\/revisions\/9092"}],"wp:featuredmedia":[{"embeddable":true,"href":"https:\/\/yurtbakisi.com\/index.php?rest_route=\/wp\/v2\/media\/9091"}],"wp:attachment":[{"href":"https:\/\/yurtbakisi.com\/index.php?rest_route=%2Fwp%2Fv2%2Fmedia&parent=9090"}],"wp:term":[{"taxonomy":"category","embeddable":true,"href":"https:\/\/yurtbakisi.com\/index.php?rest_route=%2Fwp%2Fv2%2Fcategories&post=9090"},{"taxonomy":"post_tag","embeddable":true,"href":"https:\/\/yurtbakisi.com\/index.php?rest_route=%2Fwp%2Fv2%2Ftags&post=9090"},{"taxonomy":"yb_news_series","embeddable":true,"href":"https:\/\/yurtbakisi.com\/index.php?rest_route=%2Fwp%2Fv2%2Fyb_news_series&post=9090"},{"taxonomy":"yb_language","embeddable":true,"href":"https:\/\/yurtbakisi.com\/index.php?rest_route=%2Fwp%2Fv2%2Fyb_language&post=9090"}],"curies":[{"name":"wp","href":"https:\/\/api.w.org\/{rel}","templated":true}]}}