{"id":9093,"date":"2026-09-05T02:57:23","date_gmt":"2026-09-04T23:57:23","guid":{"rendered":"https:\/\/yurtbakisi.com\/?p=9093"},"modified":"2026-09-05T02:57:30","modified_gmt":"2026-09-04T23:57:30","slug":"abdde-12-yas-altina-zayiflama-ilaci-kullanimi-artti","status":"publish","type":"post","link":"https:\/\/yurtbakisi.com\/?p=9093","title":{"rendered":"ABD&#039;de 12 ya\u015f alt\u0131na zay\u0131flama ilac\u0131 kullan\u0131m\u0131 artt\u0131"},"content":{"rendered":"<p>ABD&#039;de yap\u0131lan bir ara\u015ft\u0131rma, obezite tedavisinde kullan\u0131lan GLP-1 grubu zay\u0131flama ila\u00e7lar\u0131n\u0131n 8-11 ya\u015f grubundaki \u00e7ocuklara yaz\u0131lma oran\u0131n\u0131n son y\u0131llarda h\u0131zla artt\u0131\u011f\u0131n\u0131 ortaya koydu.<\/p>\n<p><strong>Kaynak:<\/strong> TRT Haber \u2014 <a href=\"https:\/\/www.trthaber.com\/haber\/dunya\/abdde-12-yas-altina-zayiflama-ilaci-kullanimi-artti-955927.html\" target=\"_blank\" rel=\"nofollow noopener\">Haberin devam\u0131n\u0131 \u00f6zg\u00fcn kayna\u011f\u0131nda oku<\/a><\/p>\n","protected":false},"excerpt":{"rendered":"<p>ABD&#8217;de yap\u0131lan bir ara\u015ft\u0131rma, obezite tedavisinde kullan\u0131lan GLP-1 grubu zay\u0131flama ila\u00e7lar\u0131n\u0131n 8-11 ya\u015f grubundaki \u00e7ocuklara yaz\u0131lma oran\u0131n\u0131n son y\u0131llarda h\u0131zla artt\u0131\u011f\u0131n\u0131 ortaya koydu.<\/p>\n","protected":false},"author":0,"featured_media":9094,"comment_status":"closed","ping_status":"closed","sticky":false,"template":"","format":"standard","meta":{"_yb_topic_hash":"089d1e49007287e739fbb2aefac38e666c6d64bdcc0ec6e1558fd359b06e42b3","_yb_image_repair_status":"","_yb_image_repair_last":"","_yb_image_repair_attempts":0,"_yb_source_trust_score":0,"footnotes":""},"categories":[155,94],"tags":[],"yb_news_series":[],"yb_language":[],"class_list":["post-9093","post","type-post","status-publish","format-standard","has-post-thumbnail","hentry","category-dunya","category-saglikli-yasam"],"blocksy_meta":[],"_links":{"self":[{"href":"https:\/\/yurtbakisi.com\/index.php?rest_route=\/wp\/v2\/posts\/9093","targetHints":{"allow":["GET"]}}],"collection":[{"href":"https:\/\/yurtbakisi.com\/index.php?rest_route=\/wp\/v2\/posts"}],"about":[{"href":"https:\/\/yurtbakisi.com\/index.php?rest_route=\/wp\/v2\/types\/post"}],"replies":[{"embeddable":true,"href":"https:\/\/yurtbakisi.com\/index.php?rest_route=%2Fwp%2Fv2%2Fcomments&post=9093"}],"version-history":[{"count":1,"href":"https:\/\/yurtbakisi.com\/index.php?rest_route=\/wp\/v2\/posts\/9093\/revisions"}],"predecessor-version":[{"id":9095,"href":"https:\/\/yurtbakisi.com\/index.php?rest_route=\/wp\/v2\/posts\/9093\/revisions\/9095"}],"wp:featuredmedia":[{"embeddable":true,"href":"https:\/\/yurtbakisi.com\/index.php?rest_route=\/wp\/v2\/media\/9094"}],"wp:attachment":[{"href":"https:\/\/yurtbakisi.com\/index.php?rest_route=%2Fwp%2Fv2%2Fmedia&parent=9093"}],"wp:term":[{"taxonomy":"category","embeddable":true,"href":"https:\/\/yurtbakisi.com\/index.php?rest_route=%2Fwp%2Fv2%2Fcategories&post=9093"},{"taxonomy":"post_tag","embeddable":true,"href":"https:\/\/yurtbakisi.com\/index.php?rest_route=%2Fwp%2Fv2%2Ftags&post=9093"},{"taxonomy":"yb_news_series","embeddable":true,"href":"https:\/\/yurtbakisi.com\/index.php?rest_route=%2Fwp%2Fv2%2Fyb_news_series&post=9093"},{"taxonomy":"yb_language","embeddable":true,"href":"https:\/\/yurtbakisi.com\/index.php?rest_route=%2Fwp%2Fv2%2Fyb_language&post=9093"}],"curies":[{"name":"wp","href":"https:\/\/api.w.org\/{rel}","templated":true}]}}