{"id":9102,"date":"2026-09-05T03:00:38","date_gmt":"2026-09-05T00:00:38","guid":{"rendered":"https:\/\/yurtbakisi.com\/?p=9102"},"modified":"2026-09-05T03:00:44","modified_gmt":"2026-09-05T00:00:44","slug":"uskudarda-yarin-bazi-yollar-trafige-kapatilacak","status":"publish","type":"post","link":"https:\/\/yurtbakisi.com\/?p=9102","title":{"rendered":"\u00dcsk\u00fcdar&#039;da yar\u0131n baz\u0131 yollar trafi\u011fe kapat\u0131lacak"},"content":{"rendered":"<p>\u0130stanbul \u00dcsk\u00fcdar&#039;da, kamu d\u00fczeni ve g\u00fcvenli\u011finin sa\u011flanmas\u0131na y\u00f6nelik tedbirler kapsam\u0131nda yar\u0131n baz\u0131 yollar trafi\u011fe kapat\u0131lacak.<\/p>\n<p><strong>Kaynak:<\/strong> TRT Haber \u2014 <a href=\"https:\/\/www.trthaber.com\/haber\/turkiye\/uskudarda-yarin-bazi-yollar-trafige-kapatilacak-955926.html\" target=\"_blank\" rel=\"nofollow noopener\">Haberin devam\u0131n\u0131 \u00f6zg\u00fcn kayna\u011f\u0131nda oku<\/a><\/p>\n","protected":false},"excerpt":{"rendered":"<p>\u0130stanbul \u00dcsk\u00fcdar&#8217;da, kamu d\u00fczeni ve g\u00fcvenli\u011finin sa\u011flanmas\u0131na y\u00f6nelik tedbirler kapsam\u0131nda yar\u0131n baz\u0131 yollar trafi\u011fe kapat\u0131lacak.<\/p>\n","protected":false},"author":0,"featured_media":9103,"comment_status":"closed","ping_status":"closed","sticky":false,"template":"","format":"standard","meta":{"_yb_topic_hash":"c4f29dc4ffc5430b440d10250ec76a76e027e0d3e222564de102a0069fe75608","_yb_image_repair_status":"","_yb_image_repair_last":"","_yb_image_repair_attempts":0,"_yb_source_trust_score":0,"footnotes":""},"categories":[154],"tags":[],"yb_news_series":[],"yb_language":[],"class_list":["post-9102","post","type-post","status-publish","format-standard","has-post-thumbnail","hentry","category-turkiye"],"blocksy_meta":[],"_links":{"self":[{"href":"https:\/\/yurtbakisi.com\/index.php?rest_route=\/wp\/v2\/posts\/9102","targetHints":{"allow":["GET"]}}],"collection":[{"href":"https:\/\/yurtbakisi.com\/index.php?rest_route=\/wp\/v2\/posts"}],"about":[{"href":"https:\/\/yurtbakisi.com\/index.php?rest_route=\/wp\/v2\/types\/post"}],"replies":[{"embeddable":true,"href":"https:\/\/yurtbakisi.com\/index.php?rest_route=%2Fwp%2Fv2%2Fcomments&post=9102"}],"version-history":[{"count":1,"href":"https:\/\/yurtbakisi.com\/index.php?rest_route=\/wp\/v2\/posts\/9102\/revisions"}],"predecessor-version":[{"id":9104,"href":"https:\/\/yurtbakisi.com\/index.php?rest_route=\/wp\/v2\/posts\/9102\/revisions\/9104"}],"wp:featuredmedia":[{"embeddable":true,"href":"https:\/\/yurtbakisi.com\/index.php?rest_route=\/wp\/v2\/media\/9103"}],"wp:attachment":[{"href":"https:\/\/yurtbakisi.com\/index.php?rest_route=%2Fwp%2Fv2%2Fmedia&parent=9102"}],"wp:term":[{"taxonomy":"category","embeddable":true,"href":"https:\/\/yurtbakisi.com\/index.php?rest_route=%2Fwp%2Fv2%2Fcategories&post=9102"},{"taxonomy":"post_tag","embeddable":true,"href":"https:\/\/yurtbakisi.com\/index.php?rest_route=%2Fwp%2Fv2%2Ftags&post=9102"},{"taxonomy":"yb_news_series","embeddable":true,"href":"https:\/\/yurtbakisi.com\/index.php?rest_route=%2Fwp%2Fv2%2Fyb_news_series&post=9102"},{"taxonomy":"yb_language","embeddable":true,"href":"https:\/\/yurtbakisi.com\/index.php?rest_route=%2Fwp%2Fv2%2Fyb_language&post=9102"}],"curies":[{"name":"wp","href":"https:\/\/api.w.org\/{rel}","templated":true}]}}