{"id":9111,"date":"2026-09-05T03:56:47","date_gmt":"2026-09-05T00:56:47","guid":{"rendered":"https:\/\/yurtbakisi.com\/?p=9111"},"modified":"2026-09-05T03:56:54","modified_gmt":"2026-09-05T00:56:54","slug":"son-2-ayda-2-bin-34-sosyal-medya-hesabina-erisim-engeli-getirildi","status":"publish","type":"post","link":"https:\/\/yurtbakisi.com\/?p=9111","title":{"rendered":"Son 2 ayda 2 bin 34 sosyal medya hesab\u0131na eri\u015fim engeli getirildi"},"content":{"rendered":"<p>\u0130leti\u015fim Ba\u015fkan\u0131 Burhanettin Duran, son iki ayda ter\u00f6r ve su\u00e7 \u00f6rg\u00fctleriyle ba\u011flant\u0131l\u0131 oldu\u011fu veya provokasyon, dezenformasyon ve psikolojik harekat faaliyetleri y\u00fcr\u00fctt\u00fc\u011f\u00fc belirlenen toplam 2 bin 34 sosyal medya hesab\u0131na eri\u015fim engeli getirildi\u011fini a\u00e7\u0131klad\u0131.<\/p>\n<p><strong>Kaynak:<\/strong> TRT Haber \u2014 <a href=\"https:\/\/www.trthaber.com\/haber\/gundem\/son-2-ayda-2-bin-34-sosyal-medya-hesabina-erisim-engeli-getirildi-955918.html\" target=\"_blank\" rel=\"nofollow noopener\">Haberin devam\u0131n\u0131 \u00f6zg\u00fcn kayna\u011f\u0131nda oku<\/a><\/p>\n","protected":false},"excerpt":{"rendered":"<p>\u0130leti\u015fim Ba\u015fkan\u0131 Burhanettin Duran, son iki ayda ter\u00f6r ve su\u00e7 \u00f6rg\u00fctleriyle ba\u011flant\u0131l\u0131 oldu\u011fu veya provokasyon, dezenformasyon ve psikolojik harekat faaliyetleri y\u00fcr\u00fctt\u00fc\u011f\u00fc belirlenen toplam 2 bin 34 sosyal medya hesab\u0131na eri\u015fim engeli getirildi\u011fini a\u00e7\u0131klad\u0131.<\/p>\n","protected":false},"author":0,"featured_media":9112,"comment_status":"closed","ping_status":"closed","sticky":false,"template":"","format":"standard","meta":{"_yb_topic_hash":"a85d68cd2e5d87c04dd93c79a5aefb1cf005021c3760af79e4022b893065e5fd","_yb_image_repair_status":"","_yb_image_repair_last":"","_yb_image_repair_attempts":0,"_yb_source_trust_score":0,"footnotes":""},"categories":[153,93],"tags":[112,117],"yb_news_series":[],"yb_language":[],"class_list":["post-9111","post","type-post","status-publish","format-standard","has-post-thumbnail","hentry","category-gundem","category-psikoloji","tag-saglik","tag-sosyal-medya"],"blocksy_meta":[],"_links":{"self":[{"href":"https:\/\/yurtbakisi.com\/index.php?rest_route=\/wp\/v2\/posts\/9111","targetHints":{"allow":["GET"]}}],"collection":[{"href":"https:\/\/yurtbakisi.com\/index.php?rest_route=\/wp\/v2\/posts"}],"about":[{"href":"https:\/\/yurtbakisi.com\/index.php?rest_route=\/wp\/v2\/types\/post"}],"replies":[{"embeddable":true,"href":"https:\/\/yurtbakisi.com\/index.php?rest_route=%2Fwp%2Fv2%2Fcomments&post=9111"}],"version-history":[{"count":1,"href":"https:\/\/yurtbakisi.com\/index.php?rest_route=\/wp\/v2\/posts\/9111\/revisions"}],"predecessor-version":[{"id":9113,"href":"https:\/\/yurtbakisi.com\/index.php?rest_route=\/wp\/v2\/posts\/9111\/revisions\/9113"}],"wp:featuredmedia":[{"embeddable":true,"href":"https:\/\/yurtbakisi.com\/index.php?rest_route=\/wp\/v2\/media\/9112"}],"wp:attachment":[{"href":"https:\/\/yurtbakisi.com\/index.php?rest_route=%2Fwp%2Fv2%2Fmedia&parent=9111"}],"wp:term":[{"taxonomy":"category","embeddable":true,"href":"https:\/\/yurtbakisi.com\/index.php?rest_route=%2Fwp%2Fv2%2Fcategories&post=9111"},{"taxonomy":"post_tag","embeddable":true,"href":"https:\/\/yurtbakisi.com\/index.php?rest_route=%2Fwp%2Fv2%2Ftags&post=9111"},{"taxonomy":"yb_news_series","embeddable":true,"href":"https:\/\/yurtbakisi.com\/index.php?rest_route=%2Fwp%2Fv2%2Fyb_news_series&post=9111"},{"taxonomy":"yb_language","embeddable":true,"href":"https:\/\/yurtbakisi.com\/index.php?rest_route=%2Fwp%2Fv2%2Fyb_language&post=9111"}],"curies":[{"name":"wp","href":"https:\/\/api.w.org\/{rel}","templated":true}]}}