{"id":9117,"date":"2026-09-05T03:57:13","date_gmt":"2026-09-05T00:57:13","guid":{"rendered":"https:\/\/yurtbakisi.com\/?p=9117"},"modified":"2026-09-05T03:57:20","modified_gmt":"2026-09-05T00:57:20","slug":"bm-suriyede-savas-kalintisi-muhimmat-patlamasinda-6si-cocuk-9-kisi-oldu","status":"publish","type":"post","link":"https:\/\/yurtbakisi.com\/?p=9117","title":{"rendered":"BM: Suriye&#039;de sava\u015f kal\u0131nt\u0131s\u0131 m\u00fchimmat patlamas\u0131nda 6&#039;s\u0131 \u00e7ocuk 9 ki\u015fi \u00f6ld\u00fc"},"content":{"rendered":"<p>Birle\u015fmi\u015f Milletler (BM), Suriye&#039;de, i\u00e7 sava\u015ftan kalan m\u00fchimmat\u0131n patlamas\u0131 sonucu 6&#039;s\u0131 \u00e7ocuk 9 ki\u015finin hayat\u0131n\u0131 kaybetti\u011fini ve 13 ki\u015finin yaraland\u0131\u011f\u0131n\u0131 bildirdi.<\/p>\n<p><strong>Kaynak:<\/strong> TRT Haber \u2014 <a href=\"https:\/\/www.trthaber.com\/haber\/dunya\/bm-suriyede-savas-kalintisi-muhimmat-patlamasinda-6si-cocuk-9-kisi-oldu-955923.html\" target=\"_blank\" rel=\"nofollow noopener\">Haberin devam\u0131n\u0131 \u00f6zg\u00fcn kayna\u011f\u0131nda oku<\/a><\/p>\n","protected":false},"excerpt":{"rendered":"<p>Birle\u015fmi\u015f Milletler (BM), Suriye&#8217;de, i\u00e7 sava\u015ftan kalan m\u00fchimmat\u0131n patlamas\u0131 sonucu 6&#8217;s\u0131 \u00e7ocuk 9 ki\u015finin hayat\u0131n\u0131 kaybetti\u011fini ve 13 ki\u015finin yaraland\u0131\u011f\u0131n\u0131 bildirdi.<\/p>\n","protected":false},"author":0,"featured_media":9118,"comment_status":"closed","ping_status":"closed","sticky":false,"template":"","format":"standard","meta":{"_yb_topic_hash":"86c05fcf0d3f30f64877754c2465d05cbce65f2f4947d82a746e584bfd43692a","_yb_image_repair_status":"","_yb_image_repair_last":"","_yb_image_repair_attempts":0,"_yb_source_trust_score":0,"footnotes":""},"categories":[155],"tags":[],"yb_news_series":[],"yb_language":[],"class_list":["post-9117","post","type-post","status-publish","format-standard","has-post-thumbnail","hentry","category-dunya"],"blocksy_meta":[],"_links":{"self":[{"href":"https:\/\/yurtbakisi.com\/index.php?rest_route=\/wp\/v2\/posts\/9117","targetHints":{"allow":["GET"]}}],"collection":[{"href":"https:\/\/yurtbakisi.com\/index.php?rest_route=\/wp\/v2\/posts"}],"about":[{"href":"https:\/\/yurtbakisi.com\/index.php?rest_route=\/wp\/v2\/types\/post"}],"replies":[{"embeddable":true,"href":"https:\/\/yurtbakisi.com\/index.php?rest_route=%2Fwp%2Fv2%2Fcomments&post=9117"}],"version-history":[{"count":1,"href":"https:\/\/yurtbakisi.com\/index.php?rest_route=\/wp\/v2\/posts\/9117\/revisions"}],"predecessor-version":[{"id":9119,"href":"https:\/\/yurtbakisi.com\/index.php?rest_route=\/wp\/v2\/posts\/9117\/revisions\/9119"}],"wp:featuredmedia":[{"embeddable":true,"href":"https:\/\/yurtbakisi.com\/index.php?rest_route=\/wp\/v2\/media\/9118"}],"wp:attachment":[{"href":"https:\/\/yurtbakisi.com\/index.php?rest_route=%2Fwp%2Fv2%2Fmedia&parent=9117"}],"wp:term":[{"taxonomy":"category","embeddable":true,"href":"https:\/\/yurtbakisi.com\/index.php?rest_route=%2Fwp%2Fv2%2Fcategories&post=9117"},{"taxonomy":"post_tag","embeddable":true,"href":"https:\/\/yurtbakisi.com\/index.php?rest_route=%2Fwp%2Fv2%2Ftags&post=9117"},{"taxonomy":"yb_news_series","embeddable":true,"href":"https:\/\/yurtbakisi.com\/index.php?rest_route=%2Fwp%2Fv2%2Fyb_news_series&post=9117"},{"taxonomy":"yb_language","embeddable":true,"href":"https:\/\/yurtbakisi.com\/index.php?rest_route=%2Fwp%2Fv2%2Fyb_language&post=9117"}],"curies":[{"name":"wp","href":"https:\/\/api.w.org\/{rel}","templated":true}]}}