{"id":9126,"date":"2026-09-05T04:02:12","date_gmt":"2026-09-05T01:02:12","guid":{"rendered":"https:\/\/yurtbakisi.com\/?p=9126"},"modified":"2026-09-05T04:02:17","modified_gmt":"2026-09-05T01:02:17","slug":"arif-ahmet-denizolgunun-olumune-iliskin-gozaltina-alinan-doktor-tutuklandi","status":"publish","type":"post","link":"https:\/\/yurtbakisi.com\/?p=9126","title":{"rendered":"Arif Ahmet Denizolgun&#039;un \u00f6l\u00fcm\u00fcne ili\u015fkin g\u00f6zalt\u0131na al\u0131nan doktor tutukland\u0131"},"content":{"rendered":"<p>Beykoz&#039;da, 2016&#039;da hayat\u0131n\u0131 kaybeden eski Ula\u015ft\u0131rma Bakan\u0131 Arif Ahmet Denizolgun&#039;un \u00f6l\u00fcm\u00fcne ili\u015fkin soru\u015fturmada, &quot;yalan tan\u0131kl\u0131k&quot; iddias\u0131yla g\u00f6zalt\u0131na al\u0131nan doktor Nurettin Demirkol tutukland\u0131.<\/p>\n<p><strong>Kaynak:<\/strong> TRT Haber \u2014 <a href=\"https:\/\/www.trthaber.com\/haber\/gundem\/arif-ahmet-denizolgunun-olumune-iliskin-gozaltina-alinan-doktor-tutuklandi-955917.html\" target=\"_blank\" rel=\"nofollow noopener\">Haberin devam\u0131n\u0131 \u00f6zg\u00fcn kayna\u011f\u0131nda oku<\/a><\/p>\n","protected":false},"excerpt":{"rendered":"<p>Beykoz&#8217;da, 2016&#8217;da hayat\u0131n\u0131 kaybeden eski Ula\u015ft\u0131rma Bakan\u0131 Arif Ahmet Denizolgun&#8217;un \u00f6l\u00fcm\u00fcne ili\u015fkin soru\u015fturmada, &#8220;yalan tan\u0131kl\u0131k&#8221; iddias\u0131yla g\u00f6zalt\u0131na al\u0131nan doktor Nurettin Demirkol tutukland\u0131.<\/p>\n","protected":false},"author":0,"featured_media":9127,"comment_status":"closed","ping_status":"closed","sticky":false,"template":"","format":"standard","meta":{"_yb_topic_hash":"84b13f6e10a42497a88bbc671d434836d61475c65e856421e3cd4a2788afa40b","_yb_image_repair_status":"","_yb_image_repair_last":"","_yb_image_repair_attempts":0,"_yb_source_trust_score":0,"footnotes":""},"categories":[153],"tags":[],"yb_news_series":[],"yb_language":[],"class_list":["post-9126","post","type-post","status-publish","format-standard","has-post-thumbnail","hentry","category-gundem"],"blocksy_meta":[],"_links":{"self":[{"href":"https:\/\/yurtbakisi.com\/index.php?rest_route=\/wp\/v2\/posts\/9126","targetHints":{"allow":["GET"]}}],"collection":[{"href":"https:\/\/yurtbakisi.com\/index.php?rest_route=\/wp\/v2\/posts"}],"about":[{"href":"https:\/\/yurtbakisi.com\/index.php?rest_route=\/wp\/v2\/types\/post"}],"replies":[{"embeddable":true,"href":"https:\/\/yurtbakisi.com\/index.php?rest_route=%2Fwp%2Fv2%2Fcomments&post=9126"}],"version-history":[{"count":1,"href":"https:\/\/yurtbakisi.com\/index.php?rest_route=\/wp\/v2\/posts\/9126\/revisions"}],"predecessor-version":[{"id":9128,"href":"https:\/\/yurtbakisi.com\/index.php?rest_route=\/wp\/v2\/posts\/9126\/revisions\/9128"}],"wp:featuredmedia":[{"embeddable":true,"href":"https:\/\/yurtbakisi.com\/index.php?rest_route=\/wp\/v2\/media\/9127"}],"wp:attachment":[{"href":"https:\/\/yurtbakisi.com\/index.php?rest_route=%2Fwp%2Fv2%2Fmedia&parent=9126"}],"wp:term":[{"taxonomy":"category","embeddable":true,"href":"https:\/\/yurtbakisi.com\/index.php?rest_route=%2Fwp%2Fv2%2Fcategories&post=9126"},{"taxonomy":"post_tag","embeddable":true,"href":"https:\/\/yurtbakisi.com\/index.php?rest_route=%2Fwp%2Fv2%2Ftags&post=9126"},{"taxonomy":"yb_news_series","embeddable":true,"href":"https:\/\/yurtbakisi.com\/index.php?rest_route=%2Fwp%2Fv2%2Fyb_news_series&post=9126"},{"taxonomy":"yb_language","embeddable":true,"href":"https:\/\/yurtbakisi.com\/index.php?rest_route=%2Fwp%2Fv2%2Fyb_language&post=9126"}],"curies":[{"name":"wp","href":"https:\/\/api.w.org\/{rel}","templated":true}]}}