{"id":9132,"date":"2026-09-05T04:58:28","date_gmt":"2026-09-05T01:58:28","guid":{"rendered":"https:\/\/yurtbakisi.com\/?p=9132"},"modified":"2026-09-05T04:58:35","modified_gmt":"2026-09-05T01:58:35","slug":"deniz-goktasin-9-yil-8-aya-kadar-hapsi-istendi","status":"publish","type":"post","link":"https:\/\/yurtbakisi.com\/?p=9132","title":{"rendered":"Deniz G\u00f6kta\u015f&#039;\u0131n 9 y\u0131l 8 aya kadar hapsi istendi"},"content":{"rendered":"<p>&#039;Dini de\u011ferleri a\u015fa\u011f\u0131lama&#039; ve &#039;Cumhurba\u015fkan\u0131na hakaret&#039; su\u00e7lamalar\u0131yla tutuklanan Deniz G\u00f6kta\u015f hakk\u0131nda iddianame haz\u0131rland\u0131. Savc\u0131l\u0131k, G\u00f6kta\u015f\u2019\u0131n \u00fc\u00e7 ayr\u0131 su\u00e7tan 2 y\u0131l 2 aydan 9 y\u0131l 8 aya kadar hapisle cezaland\u0131r\u0131lmas\u0131n\u0131 talep etti.<\/p>\n<p><strong>Kaynak:<\/strong> TRT Haber \u2014 <a href=\"https:\/\/www.trthaber.com\/haber\/turkiye\/deniz-goktasin-9-yil-8-aya-kadar-hapsi-istendi-955898.html\" target=\"_blank\" rel=\"nofollow noopener\">Haberin devam\u0131n\u0131 \u00f6zg\u00fcn kayna\u011f\u0131nda oku<\/a><\/p>\n","protected":false},"excerpt":{"rendered":"<p>&#8216;Dini de\u011ferleri a\u015fa\u011f\u0131lama&#8217; ve &#8216;Cumhurba\u015fkan\u0131na hakaret&#8217; su\u00e7lamalar\u0131yla tutuklanan Deniz G\u00f6kta\u015f hakk\u0131nda iddianame haz\u0131rland\u0131. Savc\u0131l\u0131k, G\u00f6kta\u015f\u2019\u0131n \u00fc\u00e7 ayr\u0131 su\u00e7tan 2 y\u0131l 2 aydan 9 y\u0131l 8 aya kadar hapisle cezaland\u0131r\u0131lmas\u0131n\u0131 talep etti.<\/p>\n","protected":false},"author":0,"featured_media":9133,"comment_status":"closed","ping_status":"closed","sticky":false,"template":"","format":"standard","meta":{"_yb_topic_hash":"fcf535048f3645208f9146b5a39414a2ec5ada5f2b1dd31c5e2ba18b9fa336fb","_yb_image_repair_status":"","_yb_image_repair_last":"","_yb_image_repair_attempts":0,"_yb_source_trust_score":0,"footnotes":""},"categories":[154],"tags":[],"yb_news_series":[],"yb_language":[],"class_list":["post-9132","post","type-post","status-publish","format-standard","has-post-thumbnail","hentry","category-turkiye"],"blocksy_meta":[],"_links":{"self":[{"href":"https:\/\/yurtbakisi.com\/index.php?rest_route=\/wp\/v2\/posts\/9132","targetHints":{"allow":["GET"]}}],"collection":[{"href":"https:\/\/yurtbakisi.com\/index.php?rest_route=\/wp\/v2\/posts"}],"about":[{"href":"https:\/\/yurtbakisi.com\/index.php?rest_route=\/wp\/v2\/types\/post"}],"replies":[{"embeddable":true,"href":"https:\/\/yurtbakisi.com\/index.php?rest_route=%2Fwp%2Fv2%2Fcomments&post=9132"}],"version-history":[{"count":1,"href":"https:\/\/yurtbakisi.com\/index.php?rest_route=\/wp\/v2\/posts\/9132\/revisions"}],"predecessor-version":[{"id":9134,"href":"https:\/\/yurtbakisi.com\/index.php?rest_route=\/wp\/v2\/posts\/9132\/revisions\/9134"}],"wp:featuredmedia":[{"embeddable":true,"href":"https:\/\/yurtbakisi.com\/index.php?rest_route=\/wp\/v2\/media\/9133"}],"wp:attachment":[{"href":"https:\/\/yurtbakisi.com\/index.php?rest_route=%2Fwp%2Fv2%2Fmedia&parent=9132"}],"wp:term":[{"taxonomy":"category","embeddable":true,"href":"https:\/\/yurtbakisi.com\/index.php?rest_route=%2Fwp%2Fv2%2Fcategories&post=9132"},{"taxonomy":"post_tag","embeddable":true,"href":"https:\/\/yurtbakisi.com\/index.php?rest_route=%2Fwp%2Fv2%2Ftags&post=9132"},{"taxonomy":"yb_news_series","embeddable":true,"href":"https:\/\/yurtbakisi.com\/index.php?rest_route=%2Fwp%2Fv2%2Fyb_news_series&post=9132"},{"taxonomy":"yb_language","embeddable":true,"href":"https:\/\/yurtbakisi.com\/index.php?rest_route=%2Fwp%2Fv2%2Fyb_language&post=9132"}],"curies":[{"name":"wp","href":"https:\/\/api.w.org\/{rel}","templated":true}]}}