{"id":9135,"date":"2026-09-05T04:58:43","date_gmt":"2026-09-05T01:58:43","guid":{"rendered":"https:\/\/yurtbakisi.com\/?p=9135"},"modified":"2026-09-05T04:58:50","modified_gmt":"2026-09-05T01:58:50","slug":"musktan-twitter-hamlesi-rakip-platformun-adi-mahkeme-karariyla-engellendi","status":"publish","type":"post","link":"https:\/\/yurtbakisi.com\/?p=9135","title":{"rendered":"Musk&#039;tan &quot;Twitter&quot; hamlesi: Rakip platformun ad\u0131 mahkeme karar\u0131yla engellendi"},"content":{"rendered":"<p>ABD&#039;de federal mahkeme, Elon Musk&#039;\u0131n sahibi oldu\u011fu X Corp.&#039;un ba\u015fvurusu \u00fczerine, rakip sosyal medya giri\u015fimi Operation Bluebird&#039;\u00fcn platformunda \u201cTwitter\u201d ad\u0131n\u0131 ve Twitter&#039;la ba\u011flant\u0131l\u0131 baz\u0131 markalar\u0131 kullanmas\u0131n\u0131 ge\u00e7ici olarak engelledi.<\/p>\n<p><strong>Kaynak:<\/strong> TRT Haber \u2014 <a href=\"https:\/\/www.trthaber.com\/haber\/dunya\/musktan-twitter-hamlesi-rakip-platformun-adi-mahkeme-karariyla-engellendi-955921.html\" target=\"_blank\" rel=\"nofollow noopener\">Haberin devam\u0131n\u0131 \u00f6zg\u00fcn kayna\u011f\u0131nda oku<\/a><\/p>\n","protected":false},"excerpt":{"rendered":"<p>ABD&#8217;de federal mahkeme, Elon Musk&#8217;\u0131n sahibi oldu\u011fu X Corp.&#8217;un ba\u015fvurusu \u00fczerine, rakip sosyal medya giri\u015fimi Operation Bluebird&#8217;\u00fcn platformunda \u201cTwitter\u201d ad\u0131n\u0131 ve Twitter&#8217;la ba\u011flant\u0131l\u0131 baz\u0131 markalar\u0131 kullanmas\u0131n\u0131 ge\u00e7ici olarak engelledi.<\/p>\n","protected":false},"author":0,"featured_media":9136,"comment_status":"closed","ping_status":"closed","sticky":false,"template":"","format":"standard","meta":{"_yb_topic_hash":"a8c3dbf9679bee2430b5afdda3ce403110c2a06f679ffaef2c3ddb9da17ae40a","_yb_image_repair_status":"","_yb_image_repair_last":"","_yb_image_repair_attempts":0,"_yb_source_trust_score":0,"footnotes":""},"categories":[155],"tags":[111,117],"yb_news_series":[],"yb_language":[],"class_list":["post-9135","post","type-post","status-publish","format-standard","has-post-thumbnail","hentry","category-dunya","tag-kultur-sanat","tag-sosyal-medya"],"blocksy_meta":[],"_links":{"self":[{"href":"https:\/\/yurtbakisi.com\/index.php?rest_route=\/wp\/v2\/posts\/9135","targetHints":{"allow":["GET"]}}],"collection":[{"href":"https:\/\/yurtbakisi.com\/index.php?rest_route=\/wp\/v2\/posts"}],"about":[{"href":"https:\/\/yurtbakisi.com\/index.php?rest_route=\/wp\/v2\/types\/post"}],"replies":[{"embeddable":true,"href":"https:\/\/yurtbakisi.com\/index.php?rest_route=%2Fwp%2Fv2%2Fcomments&post=9135"}],"version-history":[{"count":1,"href":"https:\/\/yurtbakisi.com\/index.php?rest_route=\/wp\/v2\/posts\/9135\/revisions"}],"predecessor-version":[{"id":9137,"href":"https:\/\/yurtbakisi.com\/index.php?rest_route=\/wp\/v2\/posts\/9135\/revisions\/9137"}],"wp:featuredmedia":[{"embeddable":true,"href":"https:\/\/yurtbakisi.com\/index.php?rest_route=\/wp\/v2\/media\/9136"}],"wp:attachment":[{"href":"https:\/\/yurtbakisi.com\/index.php?rest_route=%2Fwp%2Fv2%2Fmedia&parent=9135"}],"wp:term":[{"taxonomy":"category","embeddable":true,"href":"https:\/\/yurtbakisi.com\/index.php?rest_route=%2Fwp%2Fv2%2Fcategories&post=9135"},{"taxonomy":"post_tag","embeddable":true,"href":"https:\/\/yurtbakisi.com\/index.php?rest_route=%2Fwp%2Fv2%2Ftags&post=9135"},{"taxonomy":"yb_news_series","embeddable":true,"href":"https:\/\/yurtbakisi.com\/index.php?rest_route=%2Fwp%2Fv2%2Fyb_news_series&post=9135"},{"taxonomy":"yb_language","embeddable":true,"href":"https:\/\/yurtbakisi.com\/index.php?rest_route=%2Fwp%2Fv2%2Fyb_language&post=9135"}],"curies":[{"name":"wp","href":"https:\/\/api.w.org\/{rel}","templated":true}]}}