{"id":9144,"date":"2026-09-05T05:01:25","date_gmt":"2026-09-05T02:01:25","guid":{"rendered":"https:\/\/yurtbakisi.com\/?p=9144"},"modified":"2026-09-05T05:01:38","modified_gmt":"2026-09-05T02:01:38","slug":"merkez-egitim-kurulu-ilk-toplantisini-yapti","status":"publish","type":"post","link":"https:\/\/yurtbakisi.com\/?p=9144","title":{"rendered":"Merkez E\u011fitim Kurulu ilk toplant\u0131s\u0131n\u0131 yapt\u0131"},"content":{"rendered":"<p>Y\u00fcksek\u00f6\u011fretim Kurulu (Y\u00d6K) ile Strateji ve B\u00fct\u00e7e Ba\u015fkanl\u0131\u011f\u0131 temsilcileri ve t\u00fcm bakanl\u0131klar\u0131n genel m\u00fcd\u00fcrlerinden olu\u015fan Merkez E\u011fitim Kurulu, ilk toplant\u0131s\u0131n\u0131 yapt\u0131.<\/p>\n<p><strong>Kaynak:<\/strong> TRT Haber \u2014 <a href=\"https:\/\/www.trthaber.com\/haber\/turkiye\/merkez-egitim-kurulu-ilk-toplantisini-yapti-955897.html\" target=\"_blank\" rel=\"nofollow noopener\">Haberin devam\u0131n\u0131 \u00f6zg\u00fcn kayna\u011f\u0131nda oku<\/a><\/p>\n","protected":false},"excerpt":{"rendered":"<p>Y\u00fcksek\u00f6\u011fretim Kurulu (Y\u00d6K) ile Strateji ve B\u00fct\u00e7e Ba\u015fkanl\u0131\u011f\u0131 temsilcileri ve t\u00fcm bakanl\u0131klar\u0131n genel m\u00fcd\u00fcrlerinden olu\u015fan Merkez E\u011fitim Kurulu, ilk toplant\u0131s\u0131n\u0131 yapt\u0131.<\/p>\n","protected":false},"author":0,"featured_media":9145,"comment_status":"closed","ping_status":"closed","sticky":false,"template":"","format":"standard","meta":{"_yb_topic_hash":"eb78395acf8bf1c2ffb293e5bc4684fd1c0a5064b24c01191aab334b03b11fa0","_yb_image_repair_status":"","_yb_image_repair_last":"","_yb_image_repair_attempts":0,"_yb_source_trust_score":0,"footnotes":""},"categories":[157,154],"tags":[],"yb_news_series":[],"yb_language":[],"class_list":["post-9144","post","type-post","status-publish","format-standard","has-post-thumbnail","hentry","category-egitim","category-turkiye"],"blocksy_meta":[],"_links":{"self":[{"href":"https:\/\/yurtbakisi.com\/index.php?rest_route=\/wp\/v2\/posts\/9144","targetHints":{"allow":["GET"]}}],"collection":[{"href":"https:\/\/yurtbakisi.com\/index.php?rest_route=\/wp\/v2\/posts"}],"about":[{"href":"https:\/\/yurtbakisi.com\/index.php?rest_route=\/wp\/v2\/types\/post"}],"replies":[{"embeddable":true,"href":"https:\/\/yurtbakisi.com\/index.php?rest_route=%2Fwp%2Fv2%2Fcomments&post=9144"}],"version-history":[{"count":1,"href":"https:\/\/yurtbakisi.com\/index.php?rest_route=\/wp\/v2\/posts\/9144\/revisions"}],"predecessor-version":[{"id":9146,"href":"https:\/\/yurtbakisi.com\/index.php?rest_route=\/wp\/v2\/posts\/9144\/revisions\/9146"}],"wp:featuredmedia":[{"embeddable":true,"href":"https:\/\/yurtbakisi.com\/index.php?rest_route=\/wp\/v2\/media\/9145"}],"wp:attachment":[{"href":"https:\/\/yurtbakisi.com\/index.php?rest_route=%2Fwp%2Fv2%2Fmedia&parent=9144"}],"wp:term":[{"taxonomy":"category","embeddable":true,"href":"https:\/\/yurtbakisi.com\/index.php?rest_route=%2Fwp%2Fv2%2Fcategories&post=9144"},{"taxonomy":"post_tag","embeddable":true,"href":"https:\/\/yurtbakisi.com\/index.php?rest_route=%2Fwp%2Fv2%2Ftags&post=9144"},{"taxonomy":"yb_news_series","embeddable":true,"href":"https:\/\/yurtbakisi.com\/index.php?rest_route=%2Fwp%2Fv2%2Fyb_news_series&post=9144"},{"taxonomy":"yb_language","embeddable":true,"href":"https:\/\/yurtbakisi.com\/index.php?rest_route=%2Fwp%2Fv2%2Fyb_language&post=9144"}],"curies":[{"name":"wp","href":"https:\/\/api.w.org\/{rel}","templated":true}]}}