{"id":9165,"date":"2026-09-05T08:17:07","date_gmt":"2026-09-05T05:17:07","guid":{"rendered":"https:\/\/yurtbakisi.com\/?p=9165"},"modified":"2026-09-05T08:17:07","modified_gmt":"2026-09-05T05:17:07","slug":"unlu-isimlere-kotu-haber-bogazici-imardan-yikim-karari-hurriyet","status":"publish","type":"post","link":"https:\/\/yurtbakisi.com\/?p=9165","title":{"rendered":"\u00dcnl\u00fc isimlere k\u00f6t\u00fc haber&#8230; Bo\u011fazi\u00e7i \u0130mar&#8217;dan y\u0131k\u0131m karar\u0131 &#8211; H\u00fcrriyet"},"content":{"rendered":"<div class=\"yb-imported-news-note\">\n<p>\u00dcnl\u00fc isimlere k\u00f6t\u00fc haber&#8230; Bo\u011fazi\u00e7i \u0130mar&#039;dan y\u0131k\u0131m karar\u0131 H\u00fcrriyet<\/p>\n<p><strong>Kaynak:<\/strong> Canl\u0131 Ak\u0131\u015f \u2014 Magazin \u2014 Ayr\u0131nt\u0131lar ve tam i\u00e7erik i\u00e7in <a href=\"https:\/\/news.google.com\/rss\/articles\/CBMiqAFBVV95cUxNYlJTQ3pUc2x6ZEt2YVVUa3VneTc2cmhwU3NZVzJCV0p6RWNhektiaXdiYTJkQnQ5RFIzX0llakIyT05mSkVmZE1qc09DX3JIdFU5SkU1NEFjdjBONE5vS1daOTRvdEtkNjduS1hDTzRsQ3BVT2E1azc0RFRDeVkxQVU3Mjh1WW16a2tLZUthRFZBWTktQU9TUks0b1R5UXRLUGRYRHotaWQ?oc=5\" target=\"_blank\" rel=\"nofollow noopener noreferrer\">\u00f6zg\u00fcn haberi a\u00e7\u0131n<\/a>.<\/p>\n<p><small>Bu kay\u0131t RSS haber havuzuna k\u0131sa kaynak \u00f6zeti olarak al\u0131nm\u0131\u015ft\u0131r; \u00f6zg\u00fcn metnin tamam\u0131 kopyalanmam\u0131\u015ft\u0131r.<\/small><\/p>\n<\/div>\n","protected":false},"excerpt":{"rendered":"<p>\u00dcnl\u00fc isimlere k\u00f6t\u00fc haber&#8230; Bo\u011fazi\u00e7i \u0130mar&#8217;dan y\u0131k\u0131m karar\u0131 H\u00fcrriyet<\/p>\n","protected":false},"author":1,"featured_media":0,"comment_status":"closed","ping_status":"closed","sticky":false,"template":"","format":"standard","meta":{"_yb_topic_hash":"265565d15bf2a49a94f89d883c74f102cf005f5156d83c2f06752c5c75f8a169","_yb_image_repair_status":"failed","_yb_image_repair_last":"2026-09-05 08:55:41","_yb_image_repair_attempts":1,"_yb_source_trust_score":93,"footnotes":""},"categories":[15,2,17],"tags":[108,110],"yb_news_series":[],"yb_language":[],"class_list":["post-9165","post","type-post","status-publish","format-standard","has-post-thumbnail","hentry","category-magazin","category-unluler","category-yerli-unluler","tag-canli-akis-magazin","tag-unluler"],"blocksy_meta":[],"_links":{"self":[{"href":"https:\/\/yurtbakisi.com\/index.php?rest_route=\/wp\/v2\/posts\/9165","targetHints":{"allow":["GET"]}}],"collection":[{"href":"https:\/\/yurtbakisi.com\/index.php?rest_route=\/wp\/v2\/posts"}],"about":[{"href":"https:\/\/yurtbakisi.com\/index.php?rest_route=\/wp\/v2\/types\/post"}],"author":[{"embeddable":true,"href":"https:\/\/yurtbakisi.com\/index.php?rest_route=\/wp\/v2\/users\/1"}],"replies":[{"embeddable":true,"href":"https:\/\/yurtbakisi.com\/index.php?rest_route=%2Fwp%2Fv2%2Fcomments&post=9165"}],"version-history":[{"count":0,"href":"https:\/\/yurtbakisi.com\/index.php?rest_route=\/wp\/v2\/posts\/9165\/revisions"}],"wp:attachment":[{"href":"https:\/\/yurtbakisi.com\/index.php?rest_route=%2Fwp%2Fv2%2Fmedia&parent=9165"}],"wp:term":[{"taxonomy":"category","embeddable":true,"href":"https:\/\/yurtbakisi.com\/index.php?rest_route=%2Fwp%2Fv2%2Fcategories&post=9165"},{"taxonomy":"post_tag","embeddable":true,"href":"https:\/\/yurtbakisi.com\/index.php?rest_route=%2Fwp%2Fv2%2Ftags&post=9165"},{"taxonomy":"yb_news_series","embeddable":true,"href":"https:\/\/yurtbakisi.com\/index.php?rest_route=%2Fwp%2Fv2%2Fyb_news_series&post=9165"},{"taxonomy":"yb_language","embeddable":true,"href":"https:\/\/yurtbakisi.com\/index.php?rest_route=%2Fwp%2Fv2%2Fyb_language&post=9165"}],"curies":[{"name":"wp","href":"https:\/\/api.w.org\/{rel}","templated":true}]}}