{"id":9167,"date":"2026-09-05T08:35:02","date_gmt":"2026-09-05T05:35:02","guid":{"rendered":"https:\/\/yurtbakisi.com\/?p=9167"},"modified":"2026-09-05T08:35:02","modified_gmt":"2026-09-05T05:35:02","slug":"istanbul-efsanesi-gercek-cikti-polisle-baskin-yapmis-hurriyet-com-tr","status":"publish","type":"post","link":"https:\/\/yurtbakisi.com\/?p=9167","title":{"rendered":"\u0130stanbul efsanesi ger\u00e7ek \u00e7\u0131kt\u0131&#8230; Polisle bask\u0131n yapm\u0131\u015f! &#8211; hurriyet.com.tr"},"content":{"rendered":"<div class=\"yb-imported-news-note\">\n<p>\u0130stanbul efsanesi ger\u00e7ek \u00e7\u0131kt\u0131&#8230; Polisle bask\u0131n yapm\u0131\u015f! hurriyet.com.tr<\/p>\n<p><strong>Kaynak:<\/strong> Canl\u0131 Ak\u0131\u015f \u2014 Magazin \u2014 Ayr\u0131nt\u0131lar ve tam i\u00e7erik i\u00e7in <a href=\"https:\/\/news.google.com\/rss\/articles\/CBMipgFBVV95cUxOMmJ3elpuSVZ0MHFDTEZEWVJTSXVTUHpTYkk1d1N0cER3RkFUUUphRDZQeWh3QTMzR1B5T25QMnM4WHNya2hOYThkWUJFMk1YeTNnLXFiTWJ0WjhHS2V4bnJ4bXhibU4xTm1jMWV6NHdfVGpiSWVmd1VzYTNEZUM5SzJ5Wmh6THZzM0lEOVJSSzZJSWkxenpFQTFXU29ZYmNnbEZwczlR?oc=5\" target=\"_blank\" rel=\"nofollow noopener noreferrer\">\u00f6zg\u00fcn haberi a\u00e7\u0131n<\/a>.<\/p>\n<p><small>Bu kay\u0131t RSS haber havuzuna k\u0131sa kaynak \u00f6zeti olarak al\u0131nm\u0131\u015ft\u0131r; \u00f6zg\u00fcn metnin tamam\u0131 kopyalanmam\u0131\u015ft\u0131r.<\/small><\/p>\n<\/div>\n","protected":false},"excerpt":{"rendered":"<p>\u0130stanbul efsanesi ger\u00e7ek \u00e7\u0131kt\u0131&#8230; Polisle bask\u0131n yapm\u0131\u015f! hurriyet.com.tr<\/p>\n","protected":false},"author":1,"featured_media":0,"comment_status":"closed","ping_status":"closed","sticky":false,"template":"","format":"standard","meta":{"_yb_topic_hash":"27a837ad64a0987565f605afc306e1622dfa0b7511229edb3237b96990560321","_yb_image_repair_status":"failed","_yb_image_repair_last":"2026-09-05 08:55:41","_yb_image_repair_attempts":1,"_yb_source_trust_score":93,"footnotes":""},"categories":[15],"tags":[108],"yb_news_series":[],"yb_language":[],"class_list":["post-9167","post","type-post","status-publish","format-standard","has-post-thumbnail","hentry","category-magazin","tag-canli-akis-magazin"],"blocksy_meta":[],"_links":{"self":[{"href":"https:\/\/yurtbakisi.com\/index.php?rest_route=\/wp\/v2\/posts\/9167","targetHints":{"allow":["GET"]}}],"collection":[{"href":"https:\/\/yurtbakisi.com\/index.php?rest_route=\/wp\/v2\/posts"}],"about":[{"href":"https:\/\/yurtbakisi.com\/index.php?rest_route=\/wp\/v2\/types\/post"}],"author":[{"embeddable":true,"href":"https:\/\/yurtbakisi.com\/index.php?rest_route=\/wp\/v2\/users\/1"}],"replies":[{"embeddable":true,"href":"https:\/\/yurtbakisi.com\/index.php?rest_route=%2Fwp%2Fv2%2Fcomments&post=9167"}],"version-history":[{"count":0,"href":"https:\/\/yurtbakisi.com\/index.php?rest_route=\/wp\/v2\/posts\/9167\/revisions"}],"wp:attachment":[{"href":"https:\/\/yurtbakisi.com\/index.php?rest_route=%2Fwp%2Fv2%2Fmedia&parent=9167"}],"wp:term":[{"taxonomy":"category","embeddable":true,"href":"https:\/\/yurtbakisi.com\/index.php?rest_route=%2Fwp%2Fv2%2Fcategories&post=9167"},{"taxonomy":"post_tag","embeddable":true,"href":"https:\/\/yurtbakisi.com\/index.php?rest_route=%2Fwp%2Fv2%2Ftags&post=9167"},{"taxonomy":"yb_news_series","embeddable":true,"href":"https:\/\/yurtbakisi.com\/index.php?rest_route=%2Fwp%2Fv2%2Fyb_news_series&post=9167"},{"taxonomy":"yb_language","embeddable":true,"href":"https:\/\/yurtbakisi.com\/index.php?rest_route=%2Fwp%2Fv2%2Fyb_language&post=9167"}],"curies":[{"name":"wp","href":"https:\/\/api.w.org\/{rel}","templated":true}]}}