{"id":9177,"date":"2026-09-05T09:48:52","date_gmt":"2026-09-05T06:48:52","guid":{"rendered":"https:\/\/yurtbakisi.com\/?p=9177"},"modified":"2026-09-05T09:48:52","modified_gmt":"2026-09-05T06:48:52","slug":"yillar-sonra-acikladi-hande-soraldan-ismail-demirci-itirafi-ikinci-gun-biliyordum-magazin-haberleri-cnn-turk","status":"publish","type":"post","link":"https:\/\/yurtbakisi.com\/?p=9177","title":{"rendered":"Y\u0131llar Sonra A\u00e7\u0131klad\u0131! Hande Soraldan \u0130smail Demirci \u0130tiraf\u0131: \u0130kinci G\u00fcn Biliyordum &#8211; Magazin Haberleri &#8211; CNN T\u00fcrk"},"content":{"rendered":"<div class=\"yb-imported-news-note\">\n<p>Y\u0131llar Sonra A\u00e7\u0131klad\u0131! Hande Soraldan \u0130smail Demirci \u0130tiraf\u0131: \u0130kinci G\u00fcn Biliyordum &#8211; Magazin Haberleri CNN T\u00fcrk<\/p>\n<p><strong>Kaynak:<\/strong> Canl\u0131 Ak\u0131\u015f \u2014 Magazin \u2014 Ayr\u0131nt\u0131lar ve tam i\u00e7erik i\u00e7in <a href=\"https:\/\/news.google.com\/rss\/articles\/CBMixwFBVV95cUxQaldqWXZDOXA2Tlc0Mllka3laam80QVdMMEVPN2IySkx6aVRsVG5LRnF6dzRFTlM0SkxoVzg0OXJUdkhFZXlwVkR0dlJqaGFIYm90YnFJdTBlSW5nWGhUOEkxQU15VmVvSXl2amxBblN1cmJXNE9RblB5UEVJYlFLZGxmajNoX2tqWFpzSGg1a1ZzSEFxNEFfUHdtVk02U3VGRU9uY3NLQnNhQ0hFd1d5Z25tMkk2aDRKNEdSclA3dGJWYUoydTVv?oc=5\" target=\"_blank\" rel=\"nofollow noopener noreferrer\">\u00f6zg\u00fcn haberi a\u00e7\u0131n<\/a>.<\/p>\n<p><small>Bu kay\u0131t RSS haber havuzuna k\u0131sa kaynak \u00f6zeti olarak al\u0131nm\u0131\u015ft\u0131r; \u00f6zg\u00fcn metnin tamam\u0131 kopyalanmam\u0131\u015ft\u0131r.<\/small><\/p>\n<\/div>\n","protected":false},"excerpt":{"rendered":"<p>Y\u0131llar Sonra A\u00e7\u0131klad\u0131! Hande Soraldan \u0130smail Demirci \u0130tiraf\u0131: \u0130kinci G\u00fcn Biliyordum &#8211; Magazin Haberleri CNN T\u00fcrk<\/p>\n","protected":false},"author":1,"featured_media":0,"comment_status":"closed","ping_status":"closed","sticky":false,"template":"","format":"standard","meta":{"_yb_topic_hash":"d41a5f5f4e1ce7794e44b5093cfbe5fac19fd91214d6bc56eb75e020a1437727","_yb_image_repair_status":"","_yb_image_repair_last":"","_yb_image_repair_attempts":0,"_yb_source_trust_score":93,"footnotes":""},"categories":[15],"tags":[108],"yb_news_series":[],"yb_language":[],"class_list":["post-9177","post","type-post","status-publish","format-standard","has-post-thumbnail","hentry","category-magazin","tag-canli-akis-magazin"],"blocksy_meta":[],"_links":{"self":[{"href":"https:\/\/yurtbakisi.com\/index.php?rest_route=\/wp\/v2\/posts\/9177","targetHints":{"allow":["GET"]}}],"collection":[{"href":"https:\/\/yurtbakisi.com\/index.php?rest_route=\/wp\/v2\/posts"}],"about":[{"href":"https:\/\/yurtbakisi.com\/index.php?rest_route=\/wp\/v2\/types\/post"}],"author":[{"embeddable":true,"href":"https:\/\/yurtbakisi.com\/index.php?rest_route=\/wp\/v2\/users\/1"}],"replies":[{"embeddable":true,"href":"https:\/\/yurtbakisi.com\/index.php?rest_route=%2Fwp%2Fv2%2Fcomments&post=9177"}],"version-history":[{"count":0,"href":"https:\/\/yurtbakisi.com\/index.php?rest_route=\/wp\/v2\/posts\/9177\/revisions"}],"wp:attachment":[{"href":"https:\/\/yurtbakisi.com\/index.php?rest_route=%2Fwp%2Fv2%2Fmedia&parent=9177"}],"wp:term":[{"taxonomy":"category","embeddable":true,"href":"https:\/\/yurtbakisi.com\/index.php?rest_route=%2Fwp%2Fv2%2Fcategories&post=9177"},{"taxonomy":"post_tag","embeddable":true,"href":"https:\/\/yurtbakisi.com\/index.php?rest_route=%2Fwp%2Fv2%2Ftags&post=9177"},{"taxonomy":"yb_news_series","embeddable":true,"href":"https:\/\/yurtbakisi.com\/index.php?rest_route=%2Fwp%2Fv2%2Fyb_news_series&post=9177"},{"taxonomy":"yb_language","embeddable":true,"href":"https:\/\/yurtbakisi.com\/index.php?rest_route=%2Fwp%2Fv2%2Fyb_language&post=9177"}],"curies":[{"name":"wp","href":"https:\/\/api.w.org\/{rel}","templated":true}]}}