{"id":9180,"date":"2026-09-05T09:59:23","date_gmt":"2026-09-05T06:59:23","guid":{"rendered":"https:\/\/yurtbakisi.com\/?p=9180"},"modified":"2026-09-05T09:59:23","modified_gmt":"2026-09-05T06:59:23","slug":"mercan-koskte-kim-kimdir-her-karakterin-bir-hesabi-var-sabah","status":"publish","type":"post","link":"https:\/\/yurtbakisi.com\/?p=9180","title":{"rendered":"Mercan K\u00f6\u015fk\u2019te kim kimdir? Her karakterin bir hesab\u0131 var! &#8211; Sabah"},"content":{"rendered":"<div class=\"yb-imported-news-note\">\n<p>Mercan K\u00f6\u015fk\u2019te kim kimdir? Her karakterin bir hesab\u0131 var! Sabah<\/p>\n<p><strong>Kaynak:<\/strong> Canl\u0131 Ak\u0131\u015f \u2014 Magazin \u2014 Ayr\u0131nt\u0131lar ve tam i\u00e7erik i\u00e7in <a href=\"https:\/\/news.google.com\/rss\/articles\/CBMimgFBVV95cUxNUktOTzVOZnNDM3RPc1Y5ekExV3FPZVRYYV9wX1V3NlB2emhQLVBmcW5rVkpkTV9LbXo3bEdIVEp5Q0s2NmtaZ3RvSVlfUmRTOHZQRExHZ0pOeHZNQVdpb2VVYnVZTmJmRzVDQndyRzc2cmxJdGs2bUM4SEJGdEgzWTJoNmJKcVpOSVZqb25NTG14QWhUZ0dLTTNB?oc=5\" target=\"_blank\" rel=\"nofollow noopener noreferrer\">\u00f6zg\u00fcn haberi a\u00e7\u0131n<\/a>.<\/p>\n<p><small>Bu kay\u0131t RSS haber havuzuna k\u0131sa kaynak \u00f6zeti olarak al\u0131nm\u0131\u015ft\u0131r; \u00f6zg\u00fcn metnin tamam\u0131 kopyalanmam\u0131\u015ft\u0131r.<\/small><\/p>\n<\/div>\n","protected":false},"excerpt":{"rendered":"<p>Mercan K\u00f6\u015fk\u2019te kim kimdir? Her karakterin bir hesab\u0131 var! Sabah<\/p>\n","protected":false},"author":1,"featured_media":0,"comment_status":"closed","ping_status":"closed","sticky":false,"template":"","format":"standard","meta":{"_yb_topic_hash":"21d1a11221fdf59d7222e36b129779c750deec1593878c4fc6f1b14a526ab754","_yb_image_repair_status":"","_yb_image_repair_last":"","_yb_image_repair_attempts":0,"_yb_source_trust_score":93,"footnotes":""},"categories":[102,15,99],"tags":[108],"yb_news_series":[],"yb_language":[],"class_list":["post-9180","post","type-post","status-publish","format-standard","has-post-thumbnail","hentry","category-biyografi","category-magazin","category-ozel-multimedya","tag-canli-akis-magazin"],"blocksy_meta":[],"_links":{"self":[{"href":"https:\/\/yurtbakisi.com\/index.php?rest_route=\/wp\/v2\/posts\/9180","targetHints":{"allow":["GET"]}}],"collection":[{"href":"https:\/\/yurtbakisi.com\/index.php?rest_route=\/wp\/v2\/posts"}],"about":[{"href":"https:\/\/yurtbakisi.com\/index.php?rest_route=\/wp\/v2\/types\/post"}],"author":[{"embeddable":true,"href":"https:\/\/yurtbakisi.com\/index.php?rest_route=\/wp\/v2\/users\/1"}],"replies":[{"embeddable":true,"href":"https:\/\/yurtbakisi.com\/index.php?rest_route=%2Fwp%2Fv2%2Fcomments&post=9180"}],"version-history":[{"count":0,"href":"https:\/\/yurtbakisi.com\/index.php?rest_route=\/wp\/v2\/posts\/9180\/revisions"}],"wp:attachment":[{"href":"https:\/\/yurtbakisi.com\/index.php?rest_route=%2Fwp%2Fv2%2Fmedia&parent=9180"}],"wp:term":[{"taxonomy":"category","embeddable":true,"href":"https:\/\/yurtbakisi.com\/index.php?rest_route=%2Fwp%2Fv2%2Fcategories&post=9180"},{"taxonomy":"post_tag","embeddable":true,"href":"https:\/\/yurtbakisi.com\/index.php?rest_route=%2Fwp%2Fv2%2Ftags&post=9180"},{"taxonomy":"yb_news_series","embeddable":true,"href":"https:\/\/yurtbakisi.com\/index.php?rest_route=%2Fwp%2Fv2%2Fyb_news_series&post=9180"},{"taxonomy":"yb_language","embeddable":true,"href":"https:\/\/yurtbakisi.com\/index.php?rest_route=%2Fwp%2Fv2%2Fyb_language&post=9180"}],"curies":[{"name":"wp","href":"https:\/\/api.w.org\/{rel}","templated":true}]}}