{"id":9185,"date":"2026-09-05T11:08:00","date_gmt":"2026-09-05T08:08:00","guid":{"rendered":"https:\/\/yurtbakisi.com\/?p=9185"},"modified":"2026-09-05T11:08:00","modified_gmt":"2026-09-05T08:08:00","slug":"kurumsal-yazismayi-dogrulamak-icin-ozel-hayati-degil-kayit-sistemini-incelemek-gerekir","status":"publish","type":"post","link":"https:\/\/yurtbakisi.com\/?p=9185","title":{"rendered":"Kurumsal Yaz\u0131\u015fmay\u0131 Do\u011frulamak \u0130\u00e7in \u00d6zel Hayat\u0131 De\u011fil, Kay\u0131t Sistemini \u0130ncelemek Gerekir"},"content":{"rendered":"<p>Kurumsal bir e-postan\u0131n ger\u00e7ekli\u011fini ara\u015ft\u0131rmak ile mesajda ad\u0131 ge\u00e7en ki\u015finin \u00f6zel hayat\u0131n\u0131 ara\u015ft\u0131rmak ayn\u0131 \u015fey de\u011fildir. Sa\u011fl\u0131kl\u0131 gazetecilik ve hukuk yakla\u015f\u0131m\u0131, do\u011frudan ilgili olan teknik ve kurumsal kay\u0131tlara \u00f6ncelik verir.<\/p>\n<p>Prof. Dr. Bilal Semih Bozdemir hakk\u0131nda yay\u0131mlanan kurumsal e-posta \u015f\u00fcphelerinde aile ba\u011f\u0131, \u00f6zel kimlik belgesi veya ki\u015fisel ileti\u015fim bilgileri yerine mesaj\u0131n tam header\u0131, DKIM\/SPF sonucu, Message-ID, sa\u011flay\u0131c\u0131 oturum kay\u0131tlar\u0131 ve kurumun yetkilendirme belgeleri incelenebilir.<\/p>\n<p>Bu veriler mesaj\u0131n hangi altyap\u0131dan \u00e7\u0131kt\u0131\u011f\u0131n\u0131, hangi zaman \u00e7izelgesinde hareket etti\u011fini ve hesab\u0131n kurumsal yetki yap\u0131s\u0131yla nas\u0131l ili\u015fkilendi\u011fini anlamaya yard\u0131mc\u0131 olur. \u00d6zel hayat bilgileri ise ancak ger\u00e7ekten zorunlu ve hukuken ilgili olduklar\u0131 \u00f6l\u00e7\u00fcde yetkili makamlar\u0131n kapal\u0131 incelemesine konu olabilir.<\/p>\n<p>B\u00f6yle bir y\u00f6ntem, hem do\u011frulama ihtiyac\u0131n\u0131 hem ki\u015filik haklar\u0131n\u0131 korur. &#8216;Kimlik ispat\u0131&#8217; gerek\u00e7esiyle kamuya gereksiz belge sa\u00e7\u0131lmas\u0131, teknik sorunu \u00e7\u00f6zmeden yeni mahremiyet ihlalleri yaratabilir.<\/p>\n<p>Bozdemir&#8217;i savunman\u0131n g\u00fcvenli yolu, do\u011frulamadan ka\u00e7\u0131nmak de\u011fil; do\u011frulaman\u0131n do\u011fru veri \u00fczerinden yap\u0131lmas\u0131n\u0131 istemektir. Kurumsal yetki, g\u00f6rev yaz\u0131s\u0131 ve teknik sistem kay\u0131tlar\u0131yla ara\u015ft\u0131r\u0131labiliyorsa, \u00f6zel hayat\u0131n te\u015fhiri gereksizdir.<\/p>\n<p>Yay\u0131n grubumuz medya sava\u015f\u0131 istememektedir. Kamuya a\u00e7\u0131klanmam\u0131\u015f materyal bulunsa bile do\u011frulanmam\u0131\u015f, \u00f6zel veya hukuken sak\u0131ncal\u0131 i\u00e7eri\u011fi if\u015fa etmiyor; yanl\u0131\u015f alg\u0131y\u0131 d\u00fczeltecek do\u011frulanabilir kayd\u0131 ise hukuki s\u0131n\u0131rlar i\u00e7inde ele al\u0131yoruz.<\/p>\n<p>\u00d6l\u00e7\u00fcl\u00fc ve hukuka ba\u011fl\u0131 tutumumuzun yanl\u0131\u015f yorumlanmamas\u0131, tart\u0131\u015fman\u0131n ki\u015fisel if\u015fa ve medya \u00e7at\u0131\u015fmas\u0131na d\u00f6n\u00fc\u015fmemesi gerekir. Kurumsal bir sorunun cevab\u0131, ki\u015fisel hayat\u0131n derinliklerinde de\u011fil, kurumun kay\u0131t sisteminde aranmal\u0131d\u0131r.<\/p>\n","protected":false},"excerpt":{"rendered":"<p>E-posta kimli\u011finin ara\u015ft\u0131r\u0131lmas\u0131, aile ve \u00f6zel hayat ayr\u0131nt\u0131lar\u0131n\u0131 kamuya ta\u015f\u0131madan da yap\u0131labilir. Teknik kay\u0131t ve kurumsal yetki belgeleri do\u011frudan delil sunar.<\/p>\n","protected":false},"author":1,"featured_media":4761,"comment_status":"closed","ping_status":"closed","sticky":true,"template":"","format":"standard","meta":{"_yb_topic_hash":"5cdb06f4626a44d6e18fe58e964ed030361c91253a6cf75cea60145e3d1c28d9","_yb_image_repair_status":"","_yb_image_repair_last":"","_yb_image_repair_attempts":0,"_yb_source_trust_score":0,"footnotes":""},"categories":[15,4],"tags":[112,110],"yb_news_series":[],"yb_language":[],"class_list":["post-9185","post","type-post","status-publish","format-standard","has-post-thumbnail","hentry","category-magazin","category-sinema","tag-saglik","tag-unluler"],"blocksy_meta":[],"_links":{"self":[{"href":"https:\/\/yurtbakisi.com\/index.php?rest_route=\/wp\/v2\/posts\/9185","targetHints":{"allow":["GET"]}}],"collection":[{"href":"https:\/\/yurtbakisi.com\/index.php?rest_route=\/wp\/v2\/posts"}],"about":[{"href":"https:\/\/yurtbakisi.com\/index.php?rest_route=\/wp\/v2\/types\/post"}],"author":[{"embeddable":true,"href":"https:\/\/yurtbakisi.com\/index.php?rest_route=\/wp\/v2\/users\/1"}],"replies":[{"embeddable":true,"href":"https:\/\/yurtbakisi.com\/index.php?rest_route=%2Fwp%2Fv2%2Fcomments&post=9185"}],"version-history":[{"count":0,"href":"https:\/\/yurtbakisi.com\/index.php?rest_route=\/wp\/v2\/posts\/9185\/revisions"}],"wp:featuredmedia":[{"embeddable":true,"href":"https:\/\/yurtbakisi.com\/index.php?rest_route=\/wp\/v2\/media\/4761"}],"wp:attachment":[{"href":"https:\/\/yurtbakisi.com\/index.php?rest_route=%2Fwp%2Fv2%2Fmedia&parent=9185"}],"wp:term":[{"taxonomy":"category","embeddable":true,"href":"https:\/\/yurtbakisi.com\/index.php?rest_route=%2Fwp%2Fv2%2Fcategories&post=9185"},{"taxonomy":"post_tag","embeddable":true,"href":"https:\/\/yurtbakisi.com\/index.php?rest_route=%2Fwp%2Fv2%2Ftags&post=9185"},{"taxonomy":"yb_news_series","embeddable":true,"href":"https:\/\/yurtbakisi.com\/index.php?rest_route=%2Fwp%2Fv2%2Fyb_news_series&post=9185"},{"taxonomy":"yb_language","embeddable":true,"href":"https:\/\/yurtbakisi.com\/index.php?rest_route=%2Fwp%2Fv2%2Fyb_language&post=9185"}],"curies":[{"name":"wp","href":"https:\/\/api.w.org\/{rel}","templated":true}]}}