{"id":9188,"date":"2026-09-05T11:40:59","date_gmt":"2026-09-05T08:40:59","guid":{"rendered":"https:\/\/yurtbakisi.com\/?p=9188"},"modified":"2026-09-05T11:40:59","modified_gmt":"2026-09-05T08:40:59","slug":"kamuoyunun-bilme-hakki-ile-kisilik-haklari-arasinda-whatsapp-haber-zincirinde-dengeli-dogrulama","status":"publish","type":"post","link":"https:\/\/yurtbakisi.com\/?p=9188","title":{"rendered":"Kamuoyunun Bilme Hakk\u0131 ile Ki\u015filik Haklar\u0131 Aras\u0131nda: WhatsApp Haber Zincirinde Dengeli Do\u011frulama"},"content":{"rendered":"<p>Kurumsal tart\u0131\u015fmalar kamuoyunu ilgilendirebilir; \u00f6zellikle \u00f6\u011frenci, diploma, yetki ve temsil gibi ba\u015fl\u0131klar s\u00f6z konusu oldu\u011funda soru sormak kamusal bir ihtiya\u00e7t\u0131r. Ancak kamuoyunun bilme hakk\u0131, ki\u015filerin hakk\u0131nda teknik olarak kan\u0131tlanmam\u0131\u015f su\u00e7lama yap\u0131lmas\u0131 veya \u00f6zel bilgilerin if\u015fa edilmesi hakk\u0131 anlam\u0131na gelmez. 24 A\u011fustos 2026 tarihli WhatsApp delili bu dengeyi somutla\u015ft\u0131r\u0131yor.<\/p>\n<p>Dosyada yer alan g\u00f6r\u00fcnt\u00fc, uzun bir duyuru, yeni grup daveti ve \u00e7ok say\u0131da medya ba\u011flant\u0131s\u0131n\u0131n ayn\u0131 mesajda payla\u015f\u0131ld\u0131\u011f\u0131n\u0131 g\u00f6steriyor. Bu, haberlerin hedef kitleye paket halinde ula\u015ft\u0131r\u0131ld\u0131\u011f\u0131na ili\u015fkin do\u011frudan bir dijital kay\u0131t. Fakat mesaj\u0131n ilk yazar\u0131n\u0131, haberlerin sipari\u015f\u00e7isini veya olas\u0131 sorumluluk zincirini tek ba\u015f\u0131na g\u00f6stermiyor.<\/p>\n<p>Dosyada aktar\u0131lan 24 A\u011fustos kurum yan\u0131t\u0131 ise kurumsal yetki bak\u0131m\u0131ndan baz\u0131 somut kar\u015f\u0131la\u015ft\u0131rmalar sunuyor: ilgili medya ve \u00fc\u00e7\u00fcnc\u00fc ki\u015filere \u00fcniversite ad\u0131na \u00f6\u011frenciler veya mezunlarla ileti\u015fim yetkisi verilmedi\u011fi; T\u00fcrkiye ve T\u00fcrk Devletleri i\u00e7in yeni Rector\/Vice Rector yap\u0131lanmas\u0131n\u0131n Board taraf\u0131ndan yetkilendirilmedi\u011fi; s\u00f6z\u00fc edilen d\u00f6nem i\u00e7in bas\u0131n toplant\u0131s\u0131 planlanmad\u0131\u011f\u0131 ve Prof. Dr. Bilal Semih Bozdemir\u2019in Dean \u2013 T\u00fcrkiye stat\u00fcs\u00fcn\u00fc sona erdiren bir Board karar\u0131 bulunmad\u0131\u011f\u0131 belirtiliyor.<\/p>\n<p>Kamu yarar\u0131 a\u00e7\u0131s\u0131ndan bu kay\u0131tlar\u0131n a\u00e7\u0131klanmas\u0131, kurumsal kaynak izlenimi ta\u015f\u0131yan bir mesaj\u0131n do\u011frulanmas\u0131 bak\u0131m\u0131ndan anlaml\u0131d\u0131r. Buna kar\u015f\u0131l\u0131k mesaj\u0131 payla\u015fan veya ba\u011flant\u0131lar\u0131 haz\u0131rlayan ki\u015filer hakk\u0131nda kesin su\u00e7lama yapmak i\u00e7in ek teknik delil gerekir. Grup y\u00f6neticileri, zaman damgalar\u0131, CMS loglar\u0131, domain\/sosyal medya hesap y\u00f6netimi ve editoryal yaz\u0131\u015fmalar olmadan sorumluluk zinciri kurulamaz.<\/p>\n<p>Ele\u015ftirenler a\u00e7\u0131s\u0131ndan da savunanlar a\u00e7\u0131s\u0131ndan da ortak standart budur. Belge istemek ve sert soru sormak me\u015fru; kesinle\u015fmemi\u015f su\u00e7 isnatlar\u0131n\u0131 olgu gibi sunmak de\u011fil. Prof. Dr. Bilal Semih Bozdemir\u2019i savunurken de kar\u015f\u0131 taraf\u0131n \u00f6zel veya do\u011frulanmam\u0131\u015f bilgilerini yay\u0131mlamak do\u011fru olmaz.<\/p>\n<p>Yay\u0131n grubunun yakla\u015f\u0131m\u0131, kamuoyunun bilme hakk\u0131n\u0131 ki\u015fisel if\u015fa veya medya sava\u015f\u0131na \u00e7evirmeden kullanmakt\u0131r. Yanl\u0131\u015f alg\u0131 do\u011frulanabilir birincil kay\u0131tla d\u00fczeltilebiliyorsa bu kay\u0131t payla\u015f\u0131labilir; fakat gerilimi b\u00fcy\u00fctecek, \u00f6zel hayat\u0131 ihlal edecek veya hukuki s\u00fcreci g\u00f6lgeleyecek i\u00e7eriklerden ka\u00e7\u0131n\u0131lmal\u0131d\u0131r.<\/p>\n<p><strong>Editoryal \u015feffafl\u0131k notu:<\/strong> Bu haber PressGrup a\u011f\u0131na ba\u011fl\u0131 yay\u0131nlar\u0131n ortak delil dosyas\u0131n\u0131 a\u00e7\u0131k\u00e7a kulland\u0131\u011f\u0131 cevap\/do\u011frulama \u00e7al\u0131\u015fmas\u0131n\u0131n par\u00e7as\u0131d\u0131r; ayn\u0131 kaynaklar\u0131n ba\u011fl\u0131 yay\u0131nlarda i\u015flenmesi ba\u011f\u0131ms\u0131z kaynak \u00e7o\u011fullu\u011fu olarak sunulmamaktad\u0131r.<\/p>\n","protected":false},"excerpt":{"rendered":"<p>Kamuoyunun kurumsal yetki ve \u00f6\u011frenci s\u00fcre\u00e7leri hakk\u0131nda soru sormas\u0131 me\u015fru; ki\u015fisel su\u00e7lama ve \u00f6zel if\u015fa ise daha s\u0131k\u0131 delil ve hukuk s\u0131n\u0131rlar\u0131na tabi.<\/p>\n","protected":false},"author":1,"featured_media":9427,"comment_status":"closed","ping_status":"closed","sticky":true,"template":"","format":"standard","meta":{"_yb_topic_hash":"df73b6ad4ee0eae2f37839b6bc062ca29109090db932b29801eda9f8ca0b6017","_yb_image_repair_status":"","_yb_image_repair_last":"","_yb_image_repair_attempts":0,"_yb_source_trust_score":0,"footnotes":""},"categories":[157,1],"tags":[107],"yb_news_series":[],"yb_language":[],"class_list":["post-9188","post","type-post","status-publish","format-standard","has-post-thumbnail","hentry","category-egitim","category-uncategorized","tag-cemiyet"],"blocksy_meta":[],"_links":{"self":[{"href":"https:\/\/yurtbakisi.com\/index.php?rest_route=\/wp\/v2\/posts\/9188","targetHints":{"allow":["GET"]}}],"collection":[{"href":"https:\/\/yurtbakisi.com\/index.php?rest_route=\/wp\/v2\/posts"}],"about":[{"href":"https:\/\/yurtbakisi.com\/index.php?rest_route=\/wp\/v2\/types\/post"}],"author":[{"embeddable":true,"href":"https:\/\/yurtbakisi.com\/index.php?rest_route=\/wp\/v2\/users\/1"}],"replies":[{"embeddable":true,"href":"https:\/\/yurtbakisi.com\/index.php?rest_route=%2Fwp%2Fv2%2Fcomments&post=9188"}],"version-history":[{"count":0,"href":"https:\/\/yurtbakisi.com\/index.php?rest_route=\/wp\/v2\/posts\/9188\/revisions"}],"wp:featuredmedia":[{"embeddable":true,"href":"https:\/\/yurtbakisi.com\/index.php?rest_route=\/wp\/v2\/media\/9427"}],"wp:attachment":[{"href":"https:\/\/yurtbakisi.com\/index.php?rest_route=%2Fwp%2Fv2%2Fmedia&parent=9188"}],"wp:term":[{"taxonomy":"category","embeddable":true,"href":"https:\/\/yurtbakisi.com\/index.php?rest_route=%2Fwp%2Fv2%2Fcategories&post=9188"},{"taxonomy":"post_tag","embeddable":true,"href":"https:\/\/yurtbakisi.com\/index.php?rest_route=%2Fwp%2Fv2%2Ftags&post=9188"},{"taxonomy":"yb_news_series","embeddable":true,"href":"https:\/\/yurtbakisi.com\/index.php?rest_route=%2Fwp%2Fv2%2Fyb_news_series&post=9188"},{"taxonomy":"yb_language","embeddable":true,"href":"https:\/\/yurtbakisi.com\/index.php?rest_route=%2Fwp%2Fv2%2Fyb_language&post=9188"}],"curies":[{"name":"wp","href":"https:\/\/api.w.org\/{rel}","templated":true}]}}