{"id":9189,"date":"2026-09-05T11:45:37","date_gmt":"2026-09-05T08:45:37","guid":{"rendered":"https:\/\/yurtbakisi.com\/?p=9189"},"modified":"2026-09-05T11:45:37","modified_gmt":"2026-09-05T08:45:37","slug":"sibel-can-ile-emir-sarigul-evleniyor-nikah-tarihi-belli-oldu-magazin-haberleri-mynet","status":"publish","type":"post","link":"https:\/\/yurtbakisi.com\/?p=9189","title":{"rendered":"Sibel Can ile Emir Sar\u0131g\u00fcl evleniyor! Nikah tarihi belli oldu &#8211; Magazin Haberleri &#8211; Mynet"},"content":{"rendered":"<div class=\"yb-imported-news-note\">\n<p>Sibel Can ile Emir Sar\u0131g\u00fcl evleniyor! Nikah tarihi belli oldu &#8211; Magazin Haberleri Mynet<\/p>\n<p><strong>Kaynak:<\/strong> Canl\u0131 Ak\u0131\u015f \u2014 Magazin \u2014 Ayr\u0131nt\u0131lar ve tam i\u00e7erik i\u00e7in <a href=\"https:\/\/news.google.com\/rss\/articles\/CBMipgFBVV95cUxNcXpJZ2Y2VDRlLWgxSFU2Z1Zxb2Ixc2pYdW5xUXZKZ0c1TDBQalhOVzFrbThuenpSd1VkbnlnQ0Y5eVp3XzJRS2JSXzVxc1V2aXIwc1ZCdDhwWnJQaDdnMTRZT1Y0QldrZDgwdDhjU2NzRGJTUHZvWFM0Zm9USlhGN3VvTnhNMTRKeHAyUmd6OTVKT1owUlVNVXlCNFplRFVJSXpYLWxB0gGrAUFVX3lxTE9BMG9WMk52RUdKVGRvRVNRcGRjcXZVOEFaV29IekxRdEx2dTV5c3BYN3RXdDFCZkY1dl85NVRqanBnMHVTLUNySUhRdDhuMjVCUnlSLUVvcXhPeldvNXAzUldFMFZ2YU1Ic0xGVV8tYXdwc2NWLWQ1OUxLcW03Tjh4Q0hoVFVMQmdZaWV4cEhIclRXQkhDdVBJdHA1UlFaRm9JWUp5emhUNXFUWQ?oc=5\" target=\"_blank\" rel=\"nofollow noopener noreferrer\">\u00f6zg\u00fcn haberi a\u00e7\u0131n<\/a>.<\/p>\n<p><small>Bu kay\u0131t RSS haber havuzuna k\u0131sa kaynak \u00f6zeti olarak al\u0131nm\u0131\u015ft\u0131r; \u00f6zg\u00fcn metnin tamam\u0131 kopyalanmam\u0131\u015ft\u0131r.<\/small><\/p>\n<\/div>\n","protected":false},"excerpt":{"rendered":"<p>Sibel Can ile Emir Sar\u0131g\u00fcl evleniyor! Nikah tarihi belli oldu &#8211; Magazin Haberleri Mynet<\/p>\n","protected":false},"author":1,"featured_media":0,"comment_status":"closed","ping_status":"closed","sticky":false,"template":"","format":"standard","meta":{"_yb_topic_hash":"d493d98c9d42bd18073521748a8a7b8b974c29d6aedff6a85daff51beaa867fb","_yb_image_repair_status":"","_yb_image_repair_last":"","_yb_image_repair_attempts":0,"_yb_source_trust_score":93,"footnotes":""},"categories":[9,66,68,15],"tags":[108],"yb_news_series":[],"yb_language":[],"class_list":["post-9189","post","type-post","status-publish","format-standard","has-post-thumbnail","hentry","category-cemiyet","category-cemiyet-sosyal","category-dugunler","category-magazin","tag-canli-akis-magazin"],"blocksy_meta":[],"_links":{"self":[{"href":"https:\/\/yurtbakisi.com\/index.php?rest_route=\/wp\/v2\/posts\/9189","targetHints":{"allow":["GET"]}}],"collection":[{"href":"https:\/\/yurtbakisi.com\/index.php?rest_route=\/wp\/v2\/posts"}],"about":[{"href":"https:\/\/yurtbakisi.com\/index.php?rest_route=\/wp\/v2\/types\/post"}],"author":[{"embeddable":true,"href":"https:\/\/yurtbakisi.com\/index.php?rest_route=\/wp\/v2\/users\/1"}],"replies":[{"embeddable":true,"href":"https:\/\/yurtbakisi.com\/index.php?rest_route=%2Fwp%2Fv2%2Fcomments&post=9189"}],"version-history":[{"count":0,"href":"https:\/\/yurtbakisi.com\/index.php?rest_route=\/wp\/v2\/posts\/9189\/revisions"}],"wp:attachment":[{"href":"https:\/\/yurtbakisi.com\/index.php?rest_route=%2Fwp%2Fv2%2Fmedia&parent=9189"}],"wp:term":[{"taxonomy":"category","embeddable":true,"href":"https:\/\/yurtbakisi.com\/index.php?rest_route=%2Fwp%2Fv2%2Fcategories&post=9189"},{"taxonomy":"post_tag","embeddable":true,"href":"https:\/\/yurtbakisi.com\/index.php?rest_route=%2Fwp%2Fv2%2Ftags&post=9189"},{"taxonomy":"yb_news_series","embeddable":true,"href":"https:\/\/yurtbakisi.com\/index.php?rest_route=%2Fwp%2Fv2%2Fyb_news_series&post=9189"},{"taxonomy":"yb_language","embeddable":true,"href":"https:\/\/yurtbakisi.com\/index.php?rest_route=%2Fwp%2Fv2%2Fyb_language&post=9189"}],"curies":[{"name":"wp","href":"https:\/\/api.w.org\/{rel}","templated":true}]}}