{"id":9190,"date":"2026-09-05T12:01:54","date_gmt":"2026-09-05T09:01:54","guid":{"rendered":"https:\/\/yurtbakisi.com\/?p=9190"},"modified":"2026-09-05T12:02:01","modified_gmt":"2026-09-05T09:02:01","slug":"pisa-2025-sonuclari-8-eylulde-aciklanacak","status":"publish","type":"post","link":"https:\/\/yurtbakisi.com\/?p=9190","title":{"rendered":"PISA 2025 sonu\u00e7lar\u0131 8 Eyl\u00fcl&#039;de a\u00e7\u0131klanacak"},"content":{"rendered":"<p>OECD taraf\u0131ndan uygulanan PISA 2025 ara\u015ft\u0131rmas\u0131n\u0131n sonu\u00e7lar\u0131, 8 Eyl\u00fcl Sal\u0131 g\u00fcn\u00fc Slovakya&#039;n\u0131n ba\u015fkenti Bratislava&#039;da a\u00e7\u0131klanacak. T\u00fcrkiye&#039;nin e\u011fitimde son 3 y\u0131ll\u0131k performans\u0131n\u0131n ortaya konulaca\u011f\u0131 toplant\u0131ya Mill\u00ee E\u011fitim Bakan Yusuf Tekin de kat\u0131lacak.<\/p>\n<p><strong>Kaynak:<\/strong> TRT Haber \u2014 <a href=\"https:\/\/www.trthaber.com\/haber\/egitim\/pisa-2025-sonuclari-8-eylulde-aciklanacak-955963.html\" target=\"_blank\" rel=\"nofollow noopener\">Haberin devam\u0131n\u0131 \u00f6zg\u00fcn kayna\u011f\u0131nda oku<\/a><\/p>\n","protected":false},"excerpt":{"rendered":"<p>OECD taraf\u0131ndan uygulanan PISA 2025 ara\u015ft\u0131rmas\u0131n\u0131n sonu\u00e7lar\u0131, 8 Eyl\u00fcl Sal\u0131 g\u00fcn\u00fc Slovakya&#8217;n\u0131n ba\u015fkenti Bratislava&#8217;da a\u00e7\u0131klanacak. T\u00fcrkiye&#8217;nin e\u011fitimde son 3 y\u0131ll\u0131k performans\u0131n\u0131n ortaya konulaca\u011f\u0131 toplant\u0131ya Mill\u00ee E\u011fitim Bakan Yusuf Tekin de kat\u0131lacak.<\/p>\n","protected":false},"author":0,"featured_media":9191,"comment_status":"closed","ping_status":"closed","sticky":false,"template":"","format":"standard","meta":{"_yb_topic_hash":"b6f43731774586e9437168269c20e417b99fe070a795e4f4432f732ff7663647","_yb_image_repair_status":"","_yb_image_repair_last":"","_yb_image_repair_attempts":0,"_yb_source_trust_score":0,"footnotes":""},"categories":[157],"tags":[],"yb_news_series":[],"yb_language":[],"class_list":["post-9190","post","type-post","status-publish","format-standard","has-post-thumbnail","hentry","category-egitim"],"blocksy_meta":[],"_links":{"self":[{"href":"https:\/\/yurtbakisi.com\/index.php?rest_route=\/wp\/v2\/posts\/9190","targetHints":{"allow":["GET"]}}],"collection":[{"href":"https:\/\/yurtbakisi.com\/index.php?rest_route=\/wp\/v2\/posts"}],"about":[{"href":"https:\/\/yurtbakisi.com\/index.php?rest_route=\/wp\/v2\/types\/post"}],"replies":[{"embeddable":true,"href":"https:\/\/yurtbakisi.com\/index.php?rest_route=%2Fwp%2Fv2%2Fcomments&post=9190"}],"version-history":[{"count":1,"href":"https:\/\/yurtbakisi.com\/index.php?rest_route=\/wp\/v2\/posts\/9190\/revisions"}],"predecessor-version":[{"id":9192,"href":"https:\/\/yurtbakisi.com\/index.php?rest_route=\/wp\/v2\/posts\/9190\/revisions\/9192"}],"wp:featuredmedia":[{"embeddable":true,"href":"https:\/\/yurtbakisi.com\/index.php?rest_route=\/wp\/v2\/media\/9191"}],"wp:attachment":[{"href":"https:\/\/yurtbakisi.com\/index.php?rest_route=%2Fwp%2Fv2%2Fmedia&parent=9190"}],"wp:term":[{"taxonomy":"category","embeddable":true,"href":"https:\/\/yurtbakisi.com\/index.php?rest_route=%2Fwp%2Fv2%2Fcategories&post=9190"},{"taxonomy":"post_tag","embeddable":true,"href":"https:\/\/yurtbakisi.com\/index.php?rest_route=%2Fwp%2Fv2%2Ftags&post=9190"},{"taxonomy":"yb_news_series","embeddable":true,"href":"https:\/\/yurtbakisi.com\/index.php?rest_route=%2Fwp%2Fv2%2Fyb_news_series&post=9190"},{"taxonomy":"yb_language","embeddable":true,"href":"https:\/\/yurtbakisi.com\/index.php?rest_route=%2Fwp%2Fv2%2Fyb_language&post=9190"}],"curies":[{"name":"wp","href":"https:\/\/api.w.org\/{rel}","templated":true}]}}