{"id":9195,"date":"2026-09-05T12:57:49","date_gmt":"2026-09-05T09:57:49","guid":{"rendered":"https:\/\/yurtbakisi.com\/?p=9195"},"modified":"2026-09-05T12:57:55","modified_gmt":"2026-09-05T09:57:55","slug":"girnedeki-gemide-can-kaybi-13e-yukseldi","status":"publish","type":"post","link":"https:\/\/yurtbakisi.com\/?p=9195","title":{"rendered":"Girne&#039;deki gemide can kayb\u0131 13&#039;e y\u00fckseldi"},"content":{"rendered":"<p>Kuzey K\u0131br\u0131s T\u00fcrk Cumhuriyeti (KKTC) Ba\u015fbakan\u0131 \u00dcnal \u00dcstel, Girne a\u00e7\u0131klar\u0131nda alabora olduktan sonra batan yolcu gemisinde 1 ki\u015finin daha naa\u015f\u0131na ula\u015f\u0131ld\u0131\u011f\u0131n\u0131 duyurdu. Bununla birlikte can kayb\u0131 13&#039;e y\u00fckselirken, 15 ki\u015fiyi arama \u00e7al\u0131\u015fmas\u0131 s\u00fcr\u00fcyor.<\/p>\n<p><strong>Kaynak:<\/strong> TRT Haber \u2014 <a href=\"https:\/\/www.trthaber.com\/haber\/gundem\/girnedeki-gemide-can-kaybi-13e-yukseldi-955978.html\" target=\"_blank\" rel=\"nofollow noopener\">Haberin devam\u0131n\u0131 \u00f6zg\u00fcn kayna\u011f\u0131nda oku<\/a><\/p>\n","protected":false},"excerpt":{"rendered":"<p>Kuzey K\u0131br\u0131s T\u00fcrk Cumhuriyeti (KKTC) Ba\u015fbakan\u0131 \u00dcnal \u00dcstel, Girne a\u00e7\u0131klar\u0131nda alabora olduktan sonra batan yolcu gemisinde 1 ki\u015finin daha naa\u015f\u0131na ula\u015f\u0131ld\u0131\u011f\u0131n\u0131 duyurdu. Bununla birlikte can kayb\u0131 13&#8217;e y\u00fckselirken, 15 ki\u015fiyi arama \u00e7al\u0131\u015fmas\u0131 s\u00fcr\u00fcyor.<\/p>\n","protected":false},"author":0,"featured_media":9196,"comment_status":"closed","ping_status":"closed","sticky":false,"template":"","format":"standard","meta":{"_yb_topic_hash":"2b8ce9a864df50d4a66c679f897967a2c9ca9bcada99f35cffa5ccba3335f9fa","_yb_image_repair_status":"","_yb_image_repair_last":"","_yb_image_repair_attempts":0,"_yb_source_trust_score":0,"footnotes":""},"categories":[153],"tags":[],"yb_news_series":[],"yb_language":[],"class_list":["post-9195","post","type-post","status-publish","format-standard","has-post-thumbnail","hentry","category-gundem"],"blocksy_meta":[],"_links":{"self":[{"href":"https:\/\/yurtbakisi.com\/index.php?rest_route=\/wp\/v2\/posts\/9195","targetHints":{"allow":["GET"]}}],"collection":[{"href":"https:\/\/yurtbakisi.com\/index.php?rest_route=\/wp\/v2\/posts"}],"about":[{"href":"https:\/\/yurtbakisi.com\/index.php?rest_route=\/wp\/v2\/types\/post"}],"replies":[{"embeddable":true,"href":"https:\/\/yurtbakisi.com\/index.php?rest_route=%2Fwp%2Fv2%2Fcomments&post=9195"}],"version-history":[{"count":1,"href":"https:\/\/yurtbakisi.com\/index.php?rest_route=\/wp\/v2\/posts\/9195\/revisions"}],"predecessor-version":[{"id":9197,"href":"https:\/\/yurtbakisi.com\/index.php?rest_route=\/wp\/v2\/posts\/9195\/revisions\/9197"}],"wp:featuredmedia":[{"embeddable":true,"href":"https:\/\/yurtbakisi.com\/index.php?rest_route=\/wp\/v2\/media\/9196"}],"wp:attachment":[{"href":"https:\/\/yurtbakisi.com\/index.php?rest_route=%2Fwp%2Fv2%2Fmedia&parent=9195"}],"wp:term":[{"taxonomy":"category","embeddable":true,"href":"https:\/\/yurtbakisi.com\/index.php?rest_route=%2Fwp%2Fv2%2Fcategories&post=9195"},{"taxonomy":"post_tag","embeddable":true,"href":"https:\/\/yurtbakisi.com\/index.php?rest_route=%2Fwp%2Fv2%2Ftags&post=9195"},{"taxonomy":"yb_news_series","embeddable":true,"href":"https:\/\/yurtbakisi.com\/index.php?rest_route=%2Fwp%2Fv2%2Fyb_news_series&post=9195"},{"taxonomy":"yb_language","embeddable":true,"href":"https:\/\/yurtbakisi.com\/index.php?rest_route=%2Fwp%2Fv2%2Fyb_language&post=9195"}],"curies":[{"name":"wp","href":"https:\/\/api.w.org\/{rel}","templated":true}]}}