{"id":9201,"date":"2026-09-05T12:58:13","date_gmt":"2026-09-05T09:58:13","guid":{"rendered":"https:\/\/yurtbakisi.com\/?p=9201"},"modified":"2026-09-05T12:58:19","modified_gmt":"2026-09-05T09:58:19","slug":"katil-israilin-2023te-gazzeye-duzenledigi-saldirida-enkaz-altinda-kalan-55-kisinin-naasi-cikarildi","status":"publish","type":"post","link":"https:\/\/yurtbakisi.com\/?p=9201","title":{"rendered":"Katil \u0130srail&#039;in 2023&#039;te Gazze&#039;ye d\u00fczenledi\u011fi sald\u0131r\u0131da enkaz alt\u0131nda kalan 55 ki\u015finin naa\u015f\u0131 \u00e7\u0131kar\u0131ld\u0131"},"content":{"rendered":"<p>Gazze&#039;deki Sivil Savunma M\u00fcd\u00fcrl\u00fc\u011f\u00fc, \u0130srail ordusunun Kas\u0131m 2023&#039;te Zeytun Mahallesi&#039;ne d\u00fczenledi\u011fi sald\u0131r\u0131 sonucu enkaza d\u00f6nen binadan 55 Filistinlinin naa\u015f\u0131n\u0131n \u00e7\u0131kar\u0131ld\u0131\u011f\u0131n\u0131 a\u00e7\u0131klad\u0131.<\/p>\n<p><strong>Kaynak:<\/strong> TRT Haber \u2014 <a href=\"https:\/\/www.trthaber.com\/haber\/dunya\/katil-israilin-2023te-gazzeye-duzenledigi-saldirida-enkaz-altinda-kalan-55-kisinin-naasi-cikarildi-955980.html\" target=\"_blank\" rel=\"nofollow noopener\">Haberin devam\u0131n\u0131 \u00f6zg\u00fcn kayna\u011f\u0131nda oku<\/a><\/p>\n","protected":false},"excerpt":{"rendered":"<p>Gazze&#8217;deki Sivil Savunma M\u00fcd\u00fcrl\u00fc\u011f\u00fc, \u0130srail ordusunun Kas\u0131m 2023&#8217;te Zeytun Mahallesi&#8217;ne d\u00fczenledi\u011fi sald\u0131r\u0131 sonucu enkaza d\u00f6nen binadan 55 Filistinlinin naa\u015f\u0131n\u0131n \u00e7\u0131kar\u0131ld\u0131\u011f\u0131n\u0131 a\u00e7\u0131klad\u0131.<\/p>\n","protected":false},"author":0,"featured_media":9202,"comment_status":"closed","ping_status":"closed","sticky":false,"template":"","format":"standard","meta":{"_yb_topic_hash":"31f6f3a1515cf93070628f07b66b8fd8d7a60b074d817a48c05feaa7129bd52a","_yb_image_repair_status":"","_yb_image_repair_last":"","_yb_image_repair_attempts":0,"_yb_source_trust_score":0,"footnotes":""},"categories":[155],"tags":[],"yb_news_series":[],"yb_language":[],"class_list":["post-9201","post","type-post","status-publish","format-standard","has-post-thumbnail","hentry","category-dunya"],"blocksy_meta":[],"_links":{"self":[{"href":"https:\/\/yurtbakisi.com\/index.php?rest_route=\/wp\/v2\/posts\/9201","targetHints":{"allow":["GET"]}}],"collection":[{"href":"https:\/\/yurtbakisi.com\/index.php?rest_route=\/wp\/v2\/posts"}],"about":[{"href":"https:\/\/yurtbakisi.com\/index.php?rest_route=\/wp\/v2\/types\/post"}],"replies":[{"embeddable":true,"href":"https:\/\/yurtbakisi.com\/index.php?rest_route=%2Fwp%2Fv2%2Fcomments&post=9201"}],"version-history":[{"count":1,"href":"https:\/\/yurtbakisi.com\/index.php?rest_route=\/wp\/v2\/posts\/9201\/revisions"}],"predecessor-version":[{"id":9203,"href":"https:\/\/yurtbakisi.com\/index.php?rest_route=\/wp\/v2\/posts\/9201\/revisions\/9203"}],"wp:featuredmedia":[{"embeddable":true,"href":"https:\/\/yurtbakisi.com\/index.php?rest_route=\/wp\/v2\/media\/9202"}],"wp:attachment":[{"href":"https:\/\/yurtbakisi.com\/index.php?rest_route=%2Fwp%2Fv2%2Fmedia&parent=9201"}],"wp:term":[{"taxonomy":"category","embeddable":true,"href":"https:\/\/yurtbakisi.com\/index.php?rest_route=%2Fwp%2Fv2%2Fcategories&post=9201"},{"taxonomy":"post_tag","embeddable":true,"href":"https:\/\/yurtbakisi.com\/index.php?rest_route=%2Fwp%2Fv2%2Ftags&post=9201"},{"taxonomy":"yb_news_series","embeddable":true,"href":"https:\/\/yurtbakisi.com\/index.php?rest_route=%2Fwp%2Fv2%2Fyb_news_series&post=9201"},{"taxonomy":"yb_language","embeddable":true,"href":"https:\/\/yurtbakisi.com\/index.php?rest_route=%2Fwp%2Fv2%2Fyb_language&post=9201"}],"curies":[{"name":"wp","href":"https:\/\/api.w.org\/{rel}","templated":true}]}}