{"id":9216,"date":"2026-09-05T13:02:31","date_gmt":"2026-09-05T10:02:31","guid":{"rendered":"https:\/\/yurtbakisi.com\/?p=9216"},"modified":"2026-09-05T13:02:38","modified_gmt":"2026-09-05T10:02:38","slug":"erdogan-imam-hatipler-basari-citasini-surekli-daha-yuksege-tasiyor","status":"publish","type":"post","link":"https:\/\/yurtbakisi.com\/?p=9216","title":{"rendered":"Erdo\u011fan: \u0130mam hatipler ba\u015far\u0131 \u00e7\u0131tas\u0131n\u0131 s\u00fcrekli daha y\u00fckse\u011fe ta\u015f\u0131yor"},"content":{"rendered":"<p>Cumhurba\u015fkan\u0131 Recep Tayyip Erdo\u011fan, &quot;Milletimizin kurdu\u011fu, ya\u015fatt\u0131\u011f\u0131 ve bu g\u00fcnlere getirdi\u011fi \u0130mam Hatipler, ba\u015far\u0131 \u00e7\u0131tas\u0131n\u0131 s\u00fcrekli daha y\u00fckse\u011fe ta\u015f\u0131yarak yoluna devam ediyor.&quot; dedi.<\/p>\n<p><strong>Kaynak:<\/strong> TRT Haber \u2014 <a href=\"https:\/\/www.trthaber.com\/haber\/gundem\/erdogan-imam-hatipler-basari-citasini-surekli-daha-yuksege-tasiyor-955977.html\" target=\"_blank\" rel=\"nofollow noopener\">Haberin devam\u0131n\u0131 \u00f6zg\u00fcn kayna\u011f\u0131nda oku<\/a><\/p>\n","protected":false},"excerpt":{"rendered":"<p>Cumhurba\u015fkan\u0131 Recep Tayyip Erdo\u011fan, &#8220;Milletimizin kurdu\u011fu, ya\u015fatt\u0131\u011f\u0131 ve bu g\u00fcnlere getirdi\u011fi \u0130mam Hatipler, ba\u015far\u0131 \u00e7\u0131tas\u0131n\u0131 s\u00fcrekli daha y\u00fckse\u011fe ta\u015f\u0131yarak yoluna devam ediyor.&#8221; dedi.<\/p>\n","protected":false},"author":0,"featured_media":9217,"comment_status":"closed","ping_status":"closed","sticky":false,"template":"","format":"standard","meta":{"_yb_topic_hash":"d71467d01a02301429a8cb79320e75a2d8467a36683155c794bb50faa3f1f2df","_yb_image_repair_status":"","_yb_image_repair_last":"","_yb_image_repair_attempts":0,"_yb_source_trust_score":0,"footnotes":""},"categories":[153],"tags":[],"yb_news_series":[],"yb_language":[],"class_list":["post-9216","post","type-post","status-publish","format-standard","has-post-thumbnail","hentry","category-gundem"],"blocksy_meta":[],"_links":{"self":[{"href":"https:\/\/yurtbakisi.com\/index.php?rest_route=\/wp\/v2\/posts\/9216","targetHints":{"allow":["GET"]}}],"collection":[{"href":"https:\/\/yurtbakisi.com\/index.php?rest_route=\/wp\/v2\/posts"}],"about":[{"href":"https:\/\/yurtbakisi.com\/index.php?rest_route=\/wp\/v2\/types\/post"}],"replies":[{"embeddable":true,"href":"https:\/\/yurtbakisi.com\/index.php?rest_route=%2Fwp%2Fv2%2Fcomments&post=9216"}],"version-history":[{"count":1,"href":"https:\/\/yurtbakisi.com\/index.php?rest_route=\/wp\/v2\/posts\/9216\/revisions"}],"predecessor-version":[{"id":9218,"href":"https:\/\/yurtbakisi.com\/index.php?rest_route=\/wp\/v2\/posts\/9216\/revisions\/9218"}],"wp:featuredmedia":[{"embeddable":true,"href":"https:\/\/yurtbakisi.com\/index.php?rest_route=\/wp\/v2\/media\/9217"}],"wp:attachment":[{"href":"https:\/\/yurtbakisi.com\/index.php?rest_route=%2Fwp%2Fv2%2Fmedia&parent=9216"}],"wp:term":[{"taxonomy":"category","embeddable":true,"href":"https:\/\/yurtbakisi.com\/index.php?rest_route=%2Fwp%2Fv2%2Fcategories&post=9216"},{"taxonomy":"post_tag","embeddable":true,"href":"https:\/\/yurtbakisi.com\/index.php?rest_route=%2Fwp%2Fv2%2Ftags&post=9216"},{"taxonomy":"yb_news_series","embeddable":true,"href":"https:\/\/yurtbakisi.com\/index.php?rest_route=%2Fwp%2Fv2%2Fyb_news_series&post=9216"},{"taxonomy":"yb_language","embeddable":true,"href":"https:\/\/yurtbakisi.com\/index.php?rest_route=%2Fwp%2Fv2%2Fyb_language&post=9216"}],"curies":[{"name":"wp","href":"https:\/\/api.w.org\/{rel}","templated":true}]}}