{"id":9220,"date":"2026-09-05T13:33:08","date_gmt":"2026-09-05T10:33:08","guid":{"rendered":"https:\/\/yurtbakisi.com\/?p=9220"},"modified":"2026-09-05T13:44:01","modified_gmt":"2026-09-05T10:44:01","slug":"soru-baska-hukum-baska-akademik-atama-iddiasi-kisiye-nasil-baglanabilir","status":"publish","type":"post","link":"https:\/\/yurtbakisi.com\/?p=9220","title":{"rendered":"Soru Ba\u015fka, H\u00fck\u00fcm Ba\u015fka: Akademik Atama \u0130ddias\u0131 Ki\u015fiye Nas\u0131l Ba\u011flanabilir?"},"content":{"rendered":"<p>Bir sosyal medya i\u00e7eri\u011fi, kamuoyunun dikkatini \u00f6nemli bir akademik meseleye \u00e7ekebilir; fakat kullan\u0131lan soru bi\u00e7imi, ara\u015ft\u0131r\u0131lmas\u0131 gereken bir iddiay\u0131 otomatik olarak kan\u0131tlanm\u0131\u015f ger\u00e7e\u011fe d\u00f6n\u00fc\u015ft\u00fcrmez. 5 Eyl\u00fcl tarihli payla\u015f\u0131mda Prof. Dr. Bilal Semih Bozdemir&#8217;e belirli bir akademik atama fiili do\u011frudan y\u00fckleniyor. Bu nedenle tart\u0131\u015fman\u0131n oda\u011f\u0131 ki\u015finin savunmas\u0131ndan \u00f6nce karar mekanizmas\u0131na \u00e7evrilmeli.<\/p>\n<p>Dosyadaki savunma metni, akademik unvanlar\u0131n hangi kurul veya organ taraf\u0131ndan verildi\u011finin, Bozdemir&#8217;in tek ba\u015f\u0131na atama yetkisine sahip olup olmad\u0131\u011f\u0131n\u0131n ve ad\u0131 ge\u00e7en ki\u015fi hakk\u0131nda hangi resmi de\u011ferlendirmelerin yap\u0131ld\u0131\u011f\u0131n\u0131n tespit edilmesini \u00f6neriyor. Bu, sonucu ba\u015ftan ilan etmeyen bir y\u00f6ntemdir: Belge varsa konu\u015fur; yoksa eksik kalan nokta a\u00e7\u0131k\u00e7a belirtilir.<\/p>\n<p>Bir e\u011fitim yap\u0131lanmas\u0131nda yerel temsilci, dekan, koordinat\u00f6r veya y\u00f6netici s\u0131fat\u0131 bulunmas\u0131 her i\u015flemin nihai karar merci olmak anlam\u0131na gelmez. Teklif haz\u0131rlamak, bir dosyay\u0131 merkeze iletmek, kurul karar\u0131n\u0131 duyurmak ya da idari ileti\u015fimi y\u00fcr\u00fctmek; hukuken ve idari olarak ayn\u0131 fiiller de\u011fildir. Bu roller kar\u0131\u015ft\u0131r\u0131ld\u0131\u011f\u0131nda ki\u015fisel sorumluluk ger\u00e7ekte oldu\u011fundan daha geni\u015f g\u00f6sterilebilir.<\/p>\n<p>\u00d6te yandan kamuoyunun akademik nitelikler konusunda soru sormas\u0131 da me\u015frudur. Bu nedenle en sa\u011fl\u0131kl\u0131 yakla\u015f\u0131m, \u00fc\u00e7\u00fcnc\u00fc ki\u015filerin e\u011fitim ge\u00e7mi\u015fi hakk\u0131nda sosyal medyada k\u00fc\u00e7\u00fclt\u00fcc\u00fc bir dil kullanmak de\u011fil; resmi \u00f6zge\u00e7mi\u015f, de\u011ferlendirme kayd\u0131 ve karar belgesini incelemektir. Ki\u015fisel nitelemeler, maddi ger\u00e7e\u011fi ayd\u0131nlatmak yerine tart\u0131\u015fmay\u0131 ki\u015fiselle\u015ftirebilir.<\/p>\n<p>Yay\u0131n grubumuz bir medya \u00e7at\u0131\u015fmas\u0131 y\u00fcr\u00fctmeyi ama\u00e7lam\u0131yor. Kar\u015f\u0131 taraf hakk\u0131nda kamuya a\u00e7\u0131lmam\u0131\u015f materyaller bulunsa dahi do\u011frulanmam\u0131\u015f, \u00f6zel veya hukuken sak\u0131ncal\u0131 i\u00e7erikler yay\u0131mlanmayacakt\u0131r. \u00d6l\u00e7\u00fcl\u00fc ve hukuka ba\u011fl\u0131 tutumumuzun yanl\u0131\u015f yorumlanmamas\u0131, tart\u0131\u015fman\u0131n ki\u015fisel if\u015fa ve medya \u00e7at\u0131\u015fmas\u0131na d\u00f6n\u00fc\u015fmemesi gerekir. Ancak do\u011frulanabilir kay\u0131tlar kamuoyundaki hatal\u0131 bir kanaati d\u00fczeltiyorsa, bu kay\u0131tlar\u0131n a\u00e7\u0131klanmas\u0131 da susulacak bir konu de\u011fildir.<\/p>\n<p>Bu dosyada do\u011fru soru, \u2018kim kimi profes\u00f6r yapt\u0131?\u2019 \u015feklindeki ki\u015fisel kar\u015f\u0131la\u015fma dili de\u011fil; \u2018nihai karar hangi organca, hangi yetkiyle ve hangi belgeye dayan\u0131larak verildi?\u2019 sorusudur. Cevap bu zincirde bulunmal\u0131d\u0131r.<\/p>\n","protected":false},"excerpt":{"rendered":"<p>Ele\u015ftiri hakk\u0131 korunmal\u0131; fakat belirli bir atama fiili ki\u015fiye y\u00fckleniyorsa karar organ\u0131 ve yetki alan\u0131 belgelenmeli.<\/p>\n","protected":false},"author":1,"featured_media":0,"comment_status":"closed","ping_status":"closed","sticky":true,"template":"","format":"standard","meta":{"_yb_topic_hash":"99a54208a4ce8443768a481965e87405e111821fd0617bbfa1c957091f4dfb5e","_yb_image_repair_status":"","_yb_image_repair_last":"","_yb_image_repair_attempts":0,"_yb_source_trust_score":0,"footnotes":""},"categories":[157,1],"tags":[117],"yb_news_series":[],"yb_language":[],"class_list":["post-9220","post","type-post","status-publish","format-standard","hentry","category-egitim","category-uncategorized","tag-sosyal-medya"],"blocksy_meta":[],"_links":{"self":[{"href":"https:\/\/yurtbakisi.com\/index.php?rest_route=\/wp\/v2\/posts\/9220","targetHints":{"allow":["GET"]}}],"collection":[{"href":"https:\/\/yurtbakisi.com\/index.php?rest_route=\/wp\/v2\/posts"}],"about":[{"href":"https:\/\/yurtbakisi.com\/index.php?rest_route=\/wp\/v2\/types\/post"}],"author":[{"embeddable":true,"href":"https:\/\/yurtbakisi.com\/index.php?rest_route=\/wp\/v2\/users\/1"}],"replies":[{"embeddable":true,"href":"https:\/\/yurtbakisi.com\/index.php?rest_route=%2Fwp%2Fv2%2Fcomments&post=9220"}],"version-history":[{"count":1,"href":"https:\/\/yurtbakisi.com\/index.php?rest_route=\/wp\/v2\/posts\/9220\/revisions"}],"predecessor-version":[{"id":9221,"href":"https:\/\/yurtbakisi.com\/index.php?rest_route=\/wp\/v2\/posts\/9220\/revisions\/9221"}],"wp:attachment":[{"href":"https:\/\/yurtbakisi.com\/index.php?rest_route=%2Fwp%2Fv2%2Fmedia&parent=9220"}],"wp:term":[{"taxonomy":"category","embeddable":true,"href":"https:\/\/yurtbakisi.com\/index.php?rest_route=%2Fwp%2Fv2%2Fcategories&post=9220"},{"taxonomy":"post_tag","embeddable":true,"href":"https:\/\/yurtbakisi.com\/index.php?rest_route=%2Fwp%2Fv2%2Ftags&post=9220"},{"taxonomy":"yb_news_series","embeddable":true,"href":"https:\/\/yurtbakisi.com\/index.php?rest_route=%2Fwp%2Fv2%2Fyb_news_series&post=9220"},{"taxonomy":"yb_language","embeddable":true,"href":"https:\/\/yurtbakisi.com\/index.php?rest_route=%2Fwp%2Fv2%2Fyb_language&post=9220"}],"curies":[{"name":"wp","href":"https:\/\/api.w.org\/{rel}","templated":true}]}}