{"id":9227,"date":"2026-09-05T13:57:36","date_gmt":"2026-09-05T10:57:36","guid":{"rendered":"https:\/\/yurtbakisi.com\/?p=9227"},"modified":"2026-09-05T13:57:43","modified_gmt":"2026-09-05T10:57:43","slug":"uskudar-belediyesinde-baskan-vekili-secimi-ertelendi","status":"publish","type":"post","link":"https:\/\/yurtbakisi.com\/?p=9227","title":{"rendered":"\u00dcsk\u00fcdar Belediyesi&#039;nde ba\u015fkan vekili se\u00e7imi ertelendi"},"content":{"rendered":"<p>\u00dcsk\u00fcdar Belediyesi&#039;nde ba\u015fkan vekili se\u00e7imi salt \u00e7o\u011funluk sa\u011flanamad\u0131\u011f\u0131 i\u00e7in 8 Eyl\u00fcl&#039;e ertelendi.<\/p>\n<p><strong>Kaynak:<\/strong> TRT Haber \u2014 <a href=\"https:\/\/www.trthaber.com\/haber\/turkiye\/uskudar-belediyesinde-baskan-vekili-secimi-ertelendi-955970.html\" target=\"_blank\" rel=\"nofollow noopener\">Haberin devam\u0131n\u0131 \u00f6zg\u00fcn kayna\u011f\u0131nda oku<\/a><\/p>\n","protected":false},"excerpt":{"rendered":"<p>\u00dcsk\u00fcdar Belediyesi&#8217;nde ba\u015fkan vekili se\u00e7imi salt \u00e7o\u011funluk sa\u011flanamad\u0131\u011f\u0131 i\u00e7in 8 Eyl\u00fcl&#8217;e ertelendi.<\/p>\n","protected":false},"author":0,"featured_media":9228,"comment_status":"closed","ping_status":"closed","sticky":false,"template":"","format":"standard","meta":{"_yb_topic_hash":"3b2668a4758d83d18f770ff82dd1f1b0bd57fe96fc8b4a807dec91fc7d84b79f","_yb_image_repair_status":"","_yb_image_repair_last":"","_yb_image_repair_attempts":0,"_yb_source_trust_score":0,"footnotes":""},"categories":[154],"tags":[110],"yb_news_series":[],"yb_language":[],"class_list":["post-9227","post","type-post","status-publish","format-standard","has-post-thumbnail","hentry","category-turkiye","tag-unluler"],"blocksy_meta":[],"_links":{"self":[{"href":"https:\/\/yurtbakisi.com\/index.php?rest_route=\/wp\/v2\/posts\/9227","targetHints":{"allow":["GET"]}}],"collection":[{"href":"https:\/\/yurtbakisi.com\/index.php?rest_route=\/wp\/v2\/posts"}],"about":[{"href":"https:\/\/yurtbakisi.com\/index.php?rest_route=\/wp\/v2\/types\/post"}],"replies":[{"embeddable":true,"href":"https:\/\/yurtbakisi.com\/index.php?rest_route=%2Fwp%2Fv2%2Fcomments&post=9227"}],"version-history":[{"count":1,"href":"https:\/\/yurtbakisi.com\/index.php?rest_route=\/wp\/v2\/posts\/9227\/revisions"}],"predecessor-version":[{"id":9229,"href":"https:\/\/yurtbakisi.com\/index.php?rest_route=\/wp\/v2\/posts\/9227\/revisions\/9229"}],"wp:featuredmedia":[{"embeddable":true,"href":"https:\/\/yurtbakisi.com\/index.php?rest_route=\/wp\/v2\/media\/9228"}],"wp:attachment":[{"href":"https:\/\/yurtbakisi.com\/index.php?rest_route=%2Fwp%2Fv2%2Fmedia&parent=9227"}],"wp:term":[{"taxonomy":"category","embeddable":true,"href":"https:\/\/yurtbakisi.com\/index.php?rest_route=%2Fwp%2Fv2%2Fcategories&post=9227"},{"taxonomy":"post_tag","embeddable":true,"href":"https:\/\/yurtbakisi.com\/index.php?rest_route=%2Fwp%2Fv2%2Ftags&post=9227"},{"taxonomy":"yb_news_series","embeddable":true,"href":"https:\/\/yurtbakisi.com\/index.php?rest_route=%2Fwp%2Fv2%2Fyb_news_series&post=9227"},{"taxonomy":"yb_language","embeddable":true,"href":"https:\/\/yurtbakisi.com\/index.php?rest_route=%2Fwp%2Fv2%2Fyb_language&post=9227"}],"curies":[{"name":"wp","href":"https:\/\/api.w.org\/{rel}","templated":true}]}}