{"id":9237,"date":"2026-09-05T14:00:52","date_gmt":"2026-09-05T11:00:52","guid":{"rendered":"https:\/\/yurtbakisi.com\/?p=9237"},"modified":"2026-09-05T14:00:59","modified_gmt":"2026-09-05T11:00:59","slug":"eylul-ayi-yasli-ve-engelli-ayliklari-hesaplara-yatirilmaya-baslandi","status":"publish","type":"post","link":"https:\/\/yurtbakisi.com\/?p=9237","title":{"rendered":"Eyl\u00fcl ay\u0131 ya\u015fl\u0131 ve engelli ayl\u0131klar\u0131 hesaplara yat\u0131r\u0131lmaya ba\u015fland\u0131"},"content":{"rendered":"<p>Eyl\u00fcl ay\u0131 i\u00e7erisinde toplam 9,3 milyar lira tutar\u0131ndaki ya\u015fl\u0131 ve engelli ayl\u0131klar\u0131n\u0131 hak sahiplerinin hesaplar\u0131na yat\u0131rmaya ba\u015fland\u0131.<\/p>\n<p><strong>Kaynak:<\/strong> TRT Haber \u2014 <a href=\"https:\/\/www.trthaber.com\/haber\/ekonomi\/eylul-ayi-yasli-ve-engelli-ayliklari-hesaplara-yatirilmaya-baslandi-955968.html\" target=\"_blank\" rel=\"nofollow noopener\">Haberin devam\u0131n\u0131 \u00f6zg\u00fcn kayna\u011f\u0131nda oku<\/a><\/p>\n","protected":false},"excerpt":{"rendered":"<p>Eyl\u00fcl ay\u0131 i\u00e7erisinde toplam 9,3 milyar lira tutar\u0131ndaki ya\u015fl\u0131 ve engelli ayl\u0131klar\u0131n\u0131 hak sahiplerinin hesaplar\u0131na yat\u0131rmaya ba\u015fland\u0131.<\/p>\n","protected":false},"author":0,"featured_media":9238,"comment_status":"closed","ping_status":"closed","sticky":false,"template":"","format":"standard","meta":{"_yb_topic_hash":"451a0e1f69446d585bf7390e4f4f294a92b6c1448ecdcc45f775ec211fc36277","_yb_image_repair_status":"","_yb_image_repair_last":"","_yb_image_repair_attempts":0,"_yb_source_trust_score":0,"footnotes":""},"categories":[156],"tags":[],"yb_news_series":[],"yb_language":[],"class_list":["post-9237","post","type-post","status-publish","format-standard","has-post-thumbnail","hentry","category-ekonomi"],"blocksy_meta":[],"_links":{"self":[{"href":"https:\/\/yurtbakisi.com\/index.php?rest_route=\/wp\/v2\/posts\/9237","targetHints":{"allow":["GET"]}}],"collection":[{"href":"https:\/\/yurtbakisi.com\/index.php?rest_route=\/wp\/v2\/posts"}],"about":[{"href":"https:\/\/yurtbakisi.com\/index.php?rest_route=\/wp\/v2\/types\/post"}],"replies":[{"embeddable":true,"href":"https:\/\/yurtbakisi.com\/index.php?rest_route=%2Fwp%2Fv2%2Fcomments&post=9237"}],"version-history":[{"count":1,"href":"https:\/\/yurtbakisi.com\/index.php?rest_route=\/wp\/v2\/posts\/9237\/revisions"}],"predecessor-version":[{"id":9239,"href":"https:\/\/yurtbakisi.com\/index.php?rest_route=\/wp\/v2\/posts\/9237\/revisions\/9239"}],"wp:featuredmedia":[{"embeddable":true,"href":"https:\/\/yurtbakisi.com\/index.php?rest_route=\/wp\/v2\/media\/9238"}],"wp:attachment":[{"href":"https:\/\/yurtbakisi.com\/index.php?rest_route=%2Fwp%2Fv2%2Fmedia&parent=9237"}],"wp:term":[{"taxonomy":"category","embeddable":true,"href":"https:\/\/yurtbakisi.com\/index.php?rest_route=%2Fwp%2Fv2%2Fcategories&post=9237"},{"taxonomy":"post_tag","embeddable":true,"href":"https:\/\/yurtbakisi.com\/index.php?rest_route=%2Fwp%2Fv2%2Ftags&post=9237"},{"taxonomy":"yb_news_series","embeddable":true,"href":"https:\/\/yurtbakisi.com\/index.php?rest_route=%2Fwp%2Fv2%2Fyb_news_series&post=9237"},{"taxonomy":"yb_language","embeddable":true,"href":"https:\/\/yurtbakisi.com\/index.php?rest_route=%2Fwp%2Fv2%2Fyb_language&post=9237"}],"curies":[{"name":"wp","href":"https:\/\/api.w.org\/{rel}","templated":true}]}}