{"id":9243,"date":"2026-09-05T14:01:17","date_gmt":"2026-09-05T11:01:17","guid":{"rendered":"https:\/\/yurtbakisi.com\/?p=9243"},"modified":"2026-09-05T14:01:23","modified_gmt":"2026-09-05T11:01:23","slug":"nepaldeki-selde-hayatini-kaybedenlerin-sayisi-1342ye-cikti","status":"publish","type":"post","link":"https:\/\/yurtbakisi.com\/?p=9243","title":{"rendered":"Nepal&#039;deki selde hayat\u0131n\u0131 kaybedenlerin say\u0131s\u0131 1342&#039;ye \u00e7\u0131kt\u0131"},"content":{"rendered":"<p>Nepal&#039;in \u00c7in s\u0131n\u0131r\u0131na yak\u0131n Rasuwa b\u00f6lgesi ve \u00e7evresinde meydana gelen selde hayat\u0131n\u0131 kaybedenlerin say\u0131s\u0131n\u0131n 1342&#039;ye y\u00fckseldi\u011fi bildirildi.<\/p>\n<p><strong>Kaynak:<\/strong> TRT Haber \u2014 <a href=\"https:\/\/www.trthaber.com\/haber\/dunya\/nepaldeki-selde-hayatini-kaybedenlerin-sayisi-1342ye-cikti-955962.html\" target=\"_blank\" rel=\"nofollow noopener\">Haberin devam\u0131n\u0131 \u00f6zg\u00fcn kayna\u011f\u0131nda oku<\/a><\/p>\n","protected":false},"excerpt":{"rendered":"<p>Nepal&#8217;in \u00c7in s\u0131n\u0131r\u0131na yak\u0131n Rasuwa b\u00f6lgesi ve \u00e7evresinde meydana gelen selde hayat\u0131n\u0131 kaybedenlerin say\u0131s\u0131n\u0131n 1342&#8217;ye y\u00fckseldi\u011fi bildirildi.<\/p>\n","protected":false},"author":0,"featured_media":9244,"comment_status":"closed","ping_status":"closed","sticky":false,"template":"","format":"standard","meta":{"_yb_topic_hash":"2fcacc7fe7dfe8731c64d0052b0aa1e50a36b6e69cad152072737570d119c3d3","_yb_image_repair_status":"","_yb_image_repair_last":"","_yb_image_repair_attempts":0,"_yb_source_trust_score":0,"footnotes":""},"categories":[155],"tags":[],"yb_news_series":[],"yb_language":[],"class_list":["post-9243","post","type-post","status-publish","format-standard","has-post-thumbnail","hentry","category-dunya"],"blocksy_meta":[],"_links":{"self":[{"href":"https:\/\/yurtbakisi.com\/index.php?rest_route=\/wp\/v2\/posts\/9243","targetHints":{"allow":["GET"]}}],"collection":[{"href":"https:\/\/yurtbakisi.com\/index.php?rest_route=\/wp\/v2\/posts"}],"about":[{"href":"https:\/\/yurtbakisi.com\/index.php?rest_route=\/wp\/v2\/types\/post"}],"replies":[{"embeddable":true,"href":"https:\/\/yurtbakisi.com\/index.php?rest_route=%2Fwp%2Fv2%2Fcomments&post=9243"}],"version-history":[{"count":1,"href":"https:\/\/yurtbakisi.com\/index.php?rest_route=\/wp\/v2\/posts\/9243\/revisions"}],"predecessor-version":[{"id":9245,"href":"https:\/\/yurtbakisi.com\/index.php?rest_route=\/wp\/v2\/posts\/9243\/revisions\/9245"}],"wp:featuredmedia":[{"embeddable":true,"href":"https:\/\/yurtbakisi.com\/index.php?rest_route=\/wp\/v2\/media\/9244"}],"wp:attachment":[{"href":"https:\/\/yurtbakisi.com\/index.php?rest_route=%2Fwp%2Fv2%2Fmedia&parent=9243"}],"wp:term":[{"taxonomy":"category","embeddable":true,"href":"https:\/\/yurtbakisi.com\/index.php?rest_route=%2Fwp%2Fv2%2Fcategories&post=9243"},{"taxonomy":"post_tag","embeddable":true,"href":"https:\/\/yurtbakisi.com\/index.php?rest_route=%2Fwp%2Fv2%2Ftags&post=9243"},{"taxonomy":"yb_news_series","embeddable":true,"href":"https:\/\/yurtbakisi.com\/index.php?rest_route=%2Fwp%2Fv2%2Fyb_news_series&post=9243"},{"taxonomy":"yb_language","embeddable":true,"href":"https:\/\/yurtbakisi.com\/index.php?rest_route=%2Fwp%2Fv2%2Fyb_language&post=9243"}],"curies":[{"name":"wp","href":"https:\/\/api.w.org\/{rel}","templated":true}]}}