{"id":9267,"date":"2026-09-05T15:02:07","date_gmt":"2026-09-05T12:02:07","guid":{"rendered":"https:\/\/yurtbakisi.com\/?p=9267"},"modified":"2026-09-05T15:02:14","modified_gmt":"2026-09-05T12:02:14","slug":"bakan-ciftciden-sehit-polis-memuru-icin-taziye-mesaji","status":"publish","type":"post","link":"https:\/\/yurtbakisi.com\/?p=9267","title":{"rendered":"Bakan \u00c7ift\u00e7i&#039;den \u015fehit polis memuru i\u00e7in taziye mesaj\u0131"},"content":{"rendered":"<p>\u0130\u00e7i\u015fleri Bakan\u0131 Mustafa \u00c7ift\u00e7i, \u0130stanbul&#039;da trafik uygulamas\u0131nda u\u011frad\u0131\u011f\u0131 silahl\u0131 sald\u0131r\u0131 sonucu yaralanan ve kald\u0131r\u0131ld\u0131\u011f\u0131 hastanede \u015fehit olan polis memuru Mehmet Ali Topatan i\u00e7in taziye mesaj\u0131 yay\u0131mlad\u0131.<\/p>\n<p><strong>Kaynak:<\/strong> TRT Haber \u2014 <a href=\"https:\/\/www.trthaber.com\/haber\/gundem\/bakan-ciftciden-sehit-polis-memuru-icin-taziye-mesaji-955961.html\" target=\"_blank\" rel=\"nofollow noopener\">Haberin devam\u0131n\u0131 \u00f6zg\u00fcn kayna\u011f\u0131nda oku<\/a><\/p>\n","protected":false},"excerpt":{"rendered":"<p>\u0130\u00e7i\u015fleri Bakan\u0131 Mustafa \u00c7ift\u00e7i, \u0130stanbul&#8217;da trafik uygulamas\u0131nda u\u011frad\u0131\u011f\u0131 silahl\u0131 sald\u0131r\u0131 sonucu yaralanan ve kald\u0131r\u0131ld\u0131\u011f\u0131 hastanede \u015fehit olan polis memuru Mehmet Ali Topatan i\u00e7in taziye mesaj\u0131 yay\u0131mlad\u0131.<\/p>\n","protected":false},"author":0,"featured_media":9268,"comment_status":"closed","ping_status":"closed","sticky":false,"template":"","format":"standard","meta":{"_yb_topic_hash":"9bf4963dee523e8da20a54ad8bb10bf1feaec721910b64471e39a5ff0d495c92","_yb_image_repair_status":"","_yb_image_repair_last":"","_yb_image_repair_attempts":0,"_yb_source_trust_score":0,"footnotes":""},"categories":[153],"tags":[],"yb_news_series":[],"yb_language":[],"class_list":["post-9267","post","type-post","status-publish","format-standard","has-post-thumbnail","hentry","category-gundem"],"blocksy_meta":[],"_links":{"self":[{"href":"https:\/\/yurtbakisi.com\/index.php?rest_route=\/wp\/v2\/posts\/9267","targetHints":{"allow":["GET"]}}],"collection":[{"href":"https:\/\/yurtbakisi.com\/index.php?rest_route=\/wp\/v2\/posts"}],"about":[{"href":"https:\/\/yurtbakisi.com\/index.php?rest_route=\/wp\/v2\/types\/post"}],"replies":[{"embeddable":true,"href":"https:\/\/yurtbakisi.com\/index.php?rest_route=%2Fwp%2Fv2%2Fcomments&post=9267"}],"version-history":[{"count":1,"href":"https:\/\/yurtbakisi.com\/index.php?rest_route=\/wp\/v2\/posts\/9267\/revisions"}],"predecessor-version":[{"id":9269,"href":"https:\/\/yurtbakisi.com\/index.php?rest_route=\/wp\/v2\/posts\/9267\/revisions\/9269"}],"wp:featuredmedia":[{"embeddable":true,"href":"https:\/\/yurtbakisi.com\/index.php?rest_route=\/wp\/v2\/media\/9268"}],"wp:attachment":[{"href":"https:\/\/yurtbakisi.com\/index.php?rest_route=%2Fwp%2Fv2%2Fmedia&parent=9267"}],"wp:term":[{"taxonomy":"category","embeddable":true,"href":"https:\/\/yurtbakisi.com\/index.php?rest_route=%2Fwp%2Fv2%2Fcategories&post=9267"},{"taxonomy":"post_tag","embeddable":true,"href":"https:\/\/yurtbakisi.com\/index.php?rest_route=%2Fwp%2Fv2%2Ftags&post=9267"},{"taxonomy":"yb_news_series","embeddable":true,"href":"https:\/\/yurtbakisi.com\/index.php?rest_route=%2Fwp%2Fv2%2Fyb_news_series&post=9267"},{"taxonomy":"yb_language","embeddable":true,"href":"https:\/\/yurtbakisi.com\/index.php?rest_route=%2Fwp%2Fv2%2Fyb_language&post=9267"}],"curies":[{"name":"wp","href":"https:\/\/api.w.org\/{rel}","templated":true}]}}