{"id":9272,"date":"2026-09-05T15:10:03","date_gmt":"2026-09-05T12:10:03","guid":{"rendered":"https:\/\/yurtbakisi.com\/?p=9272"},"modified":"2026-09-05T15:10:03","modified_gmt":"2026-09-05T12:10:03","slug":"hadiseden-ebru-salliya-unluler-esarp-defilesinde-odatv-com","status":"publish","type":"post","link":"https:\/\/yurtbakisi.com\/?p=9272","title":{"rendered":"Hadise\u2019den Ebru \u015eall\u0131\u2019ya&#8230; \u00dcnl\u00fcler e\u015farp defilesinde &#8211; odatv.com"},"content":{"rendered":"<div class=\"yb-imported-news-note\">\n<p>Hadise\u2019den Ebru \u015eall\u0131\u2019ya&#8230; \u00dcnl\u00fcler e\u015farp defilesinde odatv.com<\/p>\n<p><strong>Kaynak:<\/strong> Canl\u0131 Ak\u0131\u015f \u2014 Magazin \u2014 Ayr\u0131nt\u0131lar ve tam i\u00e7erik i\u00e7in <a href=\"https:\/\/news.google.com\/rss\/articles\/CBMimAFBVV95cUxOMldTalVxM0V5OWQxdGlKaHlqdjd6eHEyeDJ6Rk8wUnItaVB6dzFac1JyMTFzZ0U2T1Rwb3dxTzU0aEQtcGhtc3NCVTEyd3BFWUFJaW1SMldiOFpRQXdUOEhMU3ZwR3VSR3F4ajBHeERBejY1VmZMb180Wjg1Q2hreHRic0pnNGVaUmd2eHBIMU1Rc0tDblA0OQ?oc=5\" target=\"_blank\" rel=\"nofollow noopener noreferrer\">\u00f6zg\u00fcn haberi a\u00e7\u0131n<\/a>.<\/p>\n<p><small>Bu kay\u0131t RSS haber havuzuna k\u0131sa kaynak \u00f6zeti olarak al\u0131nm\u0131\u015ft\u0131r; \u00f6zg\u00fcn metnin tamam\u0131 kopyalanmam\u0131\u015ft\u0131r.<\/small><\/p>\n<\/div>\n","protected":false},"excerpt":{"rendered":"<p>Hadise\u2019den Ebru \u015eall\u0131\u2019ya&#8230; \u00dcnl\u00fcler e\u015farp defilesinde odatv.com<\/p>\n","protected":false},"author":1,"featured_media":9413,"comment_status":"closed","ping_status":"closed","sticky":false,"template":"","format":"standard","meta":{"_yb_topic_hash":"b512d1d996fb4252c7f0ab703047af741db7c70c585076bf654636b9c3ccf745","_yb_image_repair_status":"","_yb_image_repair_last":"","_yb_image_repair_attempts":0,"_yb_source_trust_score":93,"footnotes":""},"categories":[58,15,6,53],"tags":[108,126,110],"yb_news_series":[],"yb_language":[],"class_list":["post-9272","post","type-post","status-publish","format-standard","has-post-thumbnail","hentry","category-defileler","category-magazin","category-moda","category-moda-guzellik","tag-canli-akis-magazin","tag-moda","tag-unluler"],"blocksy_meta":[],"_links":{"self":[{"href":"https:\/\/yurtbakisi.com\/index.php?rest_route=\/wp\/v2\/posts\/9272","targetHints":{"allow":["GET"]}}],"collection":[{"href":"https:\/\/yurtbakisi.com\/index.php?rest_route=\/wp\/v2\/posts"}],"about":[{"href":"https:\/\/yurtbakisi.com\/index.php?rest_route=\/wp\/v2\/types\/post"}],"author":[{"embeddable":true,"href":"https:\/\/yurtbakisi.com\/index.php?rest_route=\/wp\/v2\/users\/1"}],"replies":[{"embeddable":true,"href":"https:\/\/yurtbakisi.com\/index.php?rest_route=%2Fwp%2Fv2%2Fcomments&post=9272"}],"version-history":[{"count":0,"href":"https:\/\/yurtbakisi.com\/index.php?rest_route=\/wp\/v2\/posts\/9272\/revisions"}],"wp:featuredmedia":[{"embeddable":true,"href":"https:\/\/yurtbakisi.com\/index.php?rest_route=\/wp\/v2\/media\/9413"}],"wp:attachment":[{"href":"https:\/\/yurtbakisi.com\/index.php?rest_route=%2Fwp%2Fv2%2Fmedia&parent=9272"}],"wp:term":[{"taxonomy":"category","embeddable":true,"href":"https:\/\/yurtbakisi.com\/index.php?rest_route=%2Fwp%2Fv2%2Fcategories&post=9272"},{"taxonomy":"post_tag","embeddable":true,"href":"https:\/\/yurtbakisi.com\/index.php?rest_route=%2Fwp%2Fv2%2Ftags&post=9272"},{"taxonomy":"yb_news_series","embeddable":true,"href":"https:\/\/yurtbakisi.com\/index.php?rest_route=%2Fwp%2Fv2%2Fyb_news_series&post=9272"},{"taxonomy":"yb_language","embeddable":true,"href":"https:\/\/yurtbakisi.com\/index.php?rest_route=%2Fwp%2Fv2%2Fyb_language&post=9272"}],"curies":[{"name":"wp","href":"https:\/\/api.w.org\/{rel}","templated":true}]}}