{"id":9278,"date":"2026-09-05T15:39:53","date_gmt":"2026-09-05T12:39:53","guid":{"rendered":"https:\/\/yurtbakisi.com\/?p=9278"},"modified":"2026-09-05T15:39:53","modified_gmt":"2026-09-05T12:39:53","slug":"surpriz-nikahla-evlenmisti-ceyda-duvenci-esine-askini-haykirdi-posta","status":"publish","type":"post","link":"https:\/\/yurtbakisi.com\/?p=9278","title":{"rendered":"S\u00fcrpriz nikahla evlenmi\u015fti! Ceyda D\u00fcvenci, e\u015fine a\u015fk\u0131n\u0131 hayk\u0131rd\u0131 &#8211; Posta"},"content":{"rendered":"<div class=\"yb-imported-news-note\">\n<p>S\u00fcrpriz nikahla evlenmi\u015fti! Ceyda D\u00fcvenci, e\u015fine a\u015fk\u0131n\u0131 hayk\u0131rd\u0131 Posta<\/p>\n<p><strong>Kaynak:<\/strong> Canl\u0131 Ak\u0131\u015f \u2014 Magazin \u2014 Ayr\u0131nt\u0131lar ve tam i\u00e7erik i\u00e7in <a href=\"https:\/\/news.google.com\/rss\/articles\/CBMipAFBVV95cUxQM2k3T1pFRl9uRGIyZUhuQ2VlQ1hkOWxyWUluWTJMbzNpb29jeVlUSXExX1Vwdk1rTGtkZGxqam9RUUVneTBROWtpQnFqUnhpaXFBUllrLVg4SlhPVm5qV3NWVTR6ejVvbGg3OVB4c2VrckFjT3I2MVhlUTNWRnZVNE51V2hyTUdHRXRVTy00bUJ4eklfYmswQUNiY0IxX2d1WDlQNQ?oc=5\" target=\"_blank\" rel=\"nofollow noopener noreferrer\">\u00f6zg\u00fcn haberi a\u00e7\u0131n<\/a>.<\/p>\n<p><small>Bu kay\u0131t RSS haber havuzuna k\u0131sa kaynak \u00f6zeti olarak al\u0131nm\u0131\u015ft\u0131r; \u00f6zg\u00fcn metnin tamam\u0131 kopyalanmam\u0131\u015ft\u0131r.<\/small><\/p>\n<\/div>\n","protected":false},"excerpt":{"rendered":"<p>S\u00fcrpriz nikahla evlenmi\u015fti! Ceyda D\u00fcvenci, e\u015fine a\u015fk\u0131n\u0131 hayk\u0131rd\u0131 Posta<\/p>\n","protected":false},"author":1,"featured_media":9410,"comment_status":"closed","ping_status":"closed","sticky":false,"template":"","format":"standard","meta":{"_yb_topic_hash":"b4804dfe15e635548de3ae53d1d6145ddec592774f3ca231c06a4169bd064d85","_yb_image_repair_status":"","_yb_image_repair_last":"","_yb_image_repair_attempts":0,"_yb_source_trust_score":93,"footnotes":""},"categories":[9,66,68,15],"tags":[108],"yb_news_series":[],"yb_language":[],"class_list":["post-9278","post","type-post","status-publish","format-standard","has-post-thumbnail","hentry","category-cemiyet","category-cemiyet-sosyal","category-dugunler","category-magazin","tag-canli-akis-magazin"],"blocksy_meta":[],"_links":{"self":[{"href":"https:\/\/yurtbakisi.com\/index.php?rest_route=\/wp\/v2\/posts\/9278","targetHints":{"allow":["GET"]}}],"collection":[{"href":"https:\/\/yurtbakisi.com\/index.php?rest_route=\/wp\/v2\/posts"}],"about":[{"href":"https:\/\/yurtbakisi.com\/index.php?rest_route=\/wp\/v2\/types\/post"}],"author":[{"embeddable":true,"href":"https:\/\/yurtbakisi.com\/index.php?rest_route=\/wp\/v2\/users\/1"}],"replies":[{"embeddable":true,"href":"https:\/\/yurtbakisi.com\/index.php?rest_route=%2Fwp%2Fv2%2Fcomments&post=9278"}],"version-history":[{"count":0,"href":"https:\/\/yurtbakisi.com\/index.php?rest_route=\/wp\/v2\/posts\/9278\/revisions"}],"wp:featuredmedia":[{"embeddable":true,"href":"https:\/\/yurtbakisi.com\/index.php?rest_route=\/wp\/v2\/media\/9410"}],"wp:attachment":[{"href":"https:\/\/yurtbakisi.com\/index.php?rest_route=%2Fwp%2Fv2%2Fmedia&parent=9278"}],"wp:term":[{"taxonomy":"category","embeddable":true,"href":"https:\/\/yurtbakisi.com\/index.php?rest_route=%2Fwp%2Fv2%2Fcategories&post=9278"},{"taxonomy":"post_tag","embeddable":true,"href":"https:\/\/yurtbakisi.com\/index.php?rest_route=%2Fwp%2Fv2%2Ftags&post=9278"},{"taxonomy":"yb_news_series","embeddable":true,"href":"https:\/\/yurtbakisi.com\/index.php?rest_route=%2Fwp%2Fv2%2Fyb_news_series&post=9278"},{"taxonomy":"yb_language","embeddable":true,"href":"https:\/\/yurtbakisi.com\/index.php?rest_route=%2Fwp%2Fv2%2Fyb_language&post=9278"}],"curies":[{"name":"wp","href":"https:\/\/api.w.org\/{rel}","templated":true}]}}