{"id":9297,"date":"2026-09-05T16:04:39","date_gmt":"2026-09-05T13:04:39","guid":{"rendered":"https:\/\/yurtbakisi.com\/?p=9297"},"modified":"2026-09-05T16:04:39","modified_gmt":"2026-09-05T13:04:39","slug":"asklari-evlilikle-taclandi-ceyda-duvenci-mete-guclu-nikahindan-yeni-kareler-cnn-turk","status":"publish","type":"post","link":"https:\/\/yurtbakisi.com\/?p=9297","title":{"rendered":"A\u015fklar\u0131 Evlilikle Ta\u00e7land\u0131! Ceyda D\u00fcvenci-Mete G\u00fc\u00e7l\u00fc Nikah\u0131ndan Yeni Kareler &#8211; CNN T\u00fcrk"},"content":{"rendered":"<div class=\"yb-imported-news-note\">\n<p>A\u015fklar\u0131 Evlilikle Ta\u00e7land\u0131! Ceyda D\u00fcvenci-Mete G\u00fc\u00e7l\u00fc Nikah\u0131ndan Yeni Kareler CNN T\u00fcrk<\/p>\n<p><strong>Kaynak:<\/strong> Canl\u0131 Ak\u0131\u015f \u2014 Magazin \u2014 Ayr\u0131nt\u0131lar ve tam i\u00e7erik i\u00e7in <a href=\"https:\/\/news.google.com\/rss\/articles\/CBMivwFBVV95cUxOeUo1NzI5NE9idEtvQWZBdnBBSnUtMDBDZGhYcHNnRGYxeVFGVlYwMFJEbVVFdW9nUXd4eHpXUDU0Y29BNmFVM3NsaUx1NEVUbE02dVMwaHhPeFhIemZhSTFoXzhSSmtVTFQtQjVEdDUyMEtMYi1oR2diTWMwZHZUcHVMa2pFeEJXV1hYVTFRdlZ2RkRDclpXVnJkZlhQMGxseVB0LXl2eEVySEV4T2lDZ25pS1BYNnd0Skd4dzhXOA?oc=5\" target=\"_blank\" rel=\"nofollow noopener noreferrer\">\u00f6zg\u00fcn haberi a\u00e7\u0131n<\/a>.<\/p>\n<p><small>Bu kay\u0131t RSS haber havuzuna k\u0131sa kaynak \u00f6zeti olarak al\u0131nm\u0131\u015ft\u0131r; \u00f6zg\u00fcn metnin tamam\u0131 kopyalanmam\u0131\u015ft\u0131r.<\/small><\/p>\n<\/div>\n","protected":false},"excerpt":{"rendered":"<p>A\u015fklar\u0131 Evlilikle Ta\u00e7land\u0131! Ceyda D\u00fcvenci-Mete G\u00fc\u00e7l\u00fc Nikah\u0131ndan Yeni Kareler CNN T\u00fcrk<\/p>\n","protected":false},"author":1,"featured_media":9409,"comment_status":"closed","ping_status":"closed","sticky":false,"template":"","format":"standard","meta":{"_yb_topic_hash":"61456a706b37cba3563c8eca6357631c94cfccafad326e909890da9a59e685c5","_yb_image_repair_status":"","_yb_image_repair_last":"","_yb_image_repair_attempts":0,"_yb_source_trust_score":93,"footnotes":""},"categories":[9,66,68,15],"tags":[108,130],"yb_news_series":[],"yb_language":[],"class_list":["post-9297","post","type-post","status-publish","format-standard","has-post-thumbnail","hentry","category-cemiyet","category-cemiyet-sosyal","category-dugunler","category-magazin","tag-canli-akis-magazin","tag-foto-galeri"],"blocksy_meta":[],"_links":{"self":[{"href":"https:\/\/yurtbakisi.com\/index.php?rest_route=\/wp\/v2\/posts\/9297","targetHints":{"allow":["GET"]}}],"collection":[{"href":"https:\/\/yurtbakisi.com\/index.php?rest_route=\/wp\/v2\/posts"}],"about":[{"href":"https:\/\/yurtbakisi.com\/index.php?rest_route=\/wp\/v2\/types\/post"}],"author":[{"embeddable":true,"href":"https:\/\/yurtbakisi.com\/index.php?rest_route=\/wp\/v2\/users\/1"}],"replies":[{"embeddable":true,"href":"https:\/\/yurtbakisi.com\/index.php?rest_route=%2Fwp%2Fv2%2Fcomments&post=9297"}],"version-history":[{"count":0,"href":"https:\/\/yurtbakisi.com\/index.php?rest_route=\/wp\/v2\/posts\/9297\/revisions"}],"wp:featuredmedia":[{"embeddable":true,"href":"https:\/\/yurtbakisi.com\/index.php?rest_route=\/wp\/v2\/media\/9409"}],"wp:attachment":[{"href":"https:\/\/yurtbakisi.com\/index.php?rest_route=%2Fwp%2Fv2%2Fmedia&parent=9297"}],"wp:term":[{"taxonomy":"category","embeddable":true,"href":"https:\/\/yurtbakisi.com\/index.php?rest_route=%2Fwp%2Fv2%2Fcategories&post=9297"},{"taxonomy":"post_tag","embeddable":true,"href":"https:\/\/yurtbakisi.com\/index.php?rest_route=%2Fwp%2Fv2%2Ftags&post=9297"},{"taxonomy":"yb_news_series","embeddable":true,"href":"https:\/\/yurtbakisi.com\/index.php?rest_route=%2Fwp%2Fv2%2Fyb_news_series&post=9297"},{"taxonomy":"yb_language","embeddable":true,"href":"https:\/\/yurtbakisi.com\/index.php?rest_route=%2Fwp%2Fv2%2Fyb_language&post=9297"}],"curies":[{"name":"wp","href":"https:\/\/api.w.org\/{rel}","templated":true}]}}