{"id":9298,"date":"2026-09-05T16:16:28","date_gmt":"2026-09-05T13:16:28","guid":{"rendered":"https:\/\/yurtbakisi.com\/?p=9298"},"modified":"2026-09-05T16:16:28","modified_gmt":"2026-09-05T13:16:28","slug":"herkes-bunu-merak-ediyordu-sibel-can-ile-emir-sarigulun-nikah-tarihi-ortaya-cikti-sabah","status":"publish","type":"post","link":"https:\/\/yurtbakisi.com\/?p=9298","title":{"rendered":"Herkes bunu merak ediyordu&#8230;Sibel Can ile Emir Sar\u0131g\u00fcl\u2019\u00fcn nikah tarihi ortaya \u00e7\u0131kt\u0131 &#8211; Sabah"},"content":{"rendered":"<div class=\"yb-imported-news-note\">\n<p>Herkes bunu merak ediyordu&#8230;Sibel Can ile Emir Sar\u0131g\u00fcl\u2019\u00fcn nikah tarihi ortaya \u00e7\u0131kt\u0131 Sabah<\/p>\n<p><strong>Kaynak:<\/strong> Canl\u0131 Ak\u0131\u015f \u2014 Magazin \u2014 Ayr\u0131nt\u0131lar ve tam i\u00e7erik i\u00e7in <a href=\"https:\/\/news.google.com\/rss\/articles\/CBMivAFBVV95cUxPY3FIWV9qZjIwLTJhZW9ycDV5YVR3a0VkSURBWUpjZjZadHZIWlhadUNhVkJtOWEzc3Y3T0JFa1F0d1pJc2xQbko0akZhUFZBbVg5cm93ZEl6Qm9xWnAzSDdxaVlQMEdBdVlFNDJsdnhmeG10RnpvdGZCeFFWd0p4aU9CcFZJaEpIUmRFeFBBTi1KVWxGZW1NNTIxaHVaRUJicWVJMzU1YW1Vb0NISC0tS2YwbmhmdVpCZkQtSw?oc=5\" target=\"_blank\" rel=\"nofollow noopener noreferrer\">\u00f6zg\u00fcn haberi a\u00e7\u0131n<\/a>.<\/p>\n<p><small>Bu kay\u0131t RSS haber havuzuna k\u0131sa kaynak \u00f6zeti olarak al\u0131nm\u0131\u015ft\u0131r; \u00f6zg\u00fcn metnin tamam\u0131 kopyalanmam\u0131\u015ft\u0131r.<\/small><\/p>\n<\/div>\n","protected":false},"excerpt":{"rendered":"<p>Herkes bunu merak ediyordu&#8230;Sibel Can ile Emir Sar\u0131g\u00fcl\u2019\u00fcn nikah tarihi ortaya \u00e7\u0131kt\u0131 Sabah<\/p>\n","protected":false},"author":1,"featured_media":9408,"comment_status":"closed","ping_status":"closed","sticky":false,"template":"","format":"standard","meta":{"_yb_topic_hash":"15166e4813fbf57ebf1bca7aea493d28c71b9faefa2c41e1a54bd85c9748967b","_yb_image_repair_status":"","_yb_image_repair_last":"","_yb_image_repair_attempts":0,"_yb_source_trust_score":93,"footnotes":""},"categories":[9,66,68,15],"tags":[108],"yb_news_series":[],"yb_language":[],"class_list":["post-9298","post","type-post","status-publish","format-standard","has-post-thumbnail","hentry","category-cemiyet","category-cemiyet-sosyal","category-dugunler","category-magazin","tag-canli-akis-magazin"],"blocksy_meta":[],"_links":{"self":[{"href":"https:\/\/yurtbakisi.com\/index.php?rest_route=\/wp\/v2\/posts\/9298","targetHints":{"allow":["GET"]}}],"collection":[{"href":"https:\/\/yurtbakisi.com\/index.php?rest_route=\/wp\/v2\/posts"}],"about":[{"href":"https:\/\/yurtbakisi.com\/index.php?rest_route=\/wp\/v2\/types\/post"}],"author":[{"embeddable":true,"href":"https:\/\/yurtbakisi.com\/index.php?rest_route=\/wp\/v2\/users\/1"}],"replies":[{"embeddable":true,"href":"https:\/\/yurtbakisi.com\/index.php?rest_route=%2Fwp%2Fv2%2Fcomments&post=9298"}],"version-history":[{"count":0,"href":"https:\/\/yurtbakisi.com\/index.php?rest_route=\/wp\/v2\/posts\/9298\/revisions"}],"wp:featuredmedia":[{"embeddable":true,"href":"https:\/\/yurtbakisi.com\/index.php?rest_route=\/wp\/v2\/media\/9408"}],"wp:attachment":[{"href":"https:\/\/yurtbakisi.com\/index.php?rest_route=%2Fwp%2Fv2%2Fmedia&parent=9298"}],"wp:term":[{"taxonomy":"category","embeddable":true,"href":"https:\/\/yurtbakisi.com\/index.php?rest_route=%2Fwp%2Fv2%2Fcategories&post=9298"},{"taxonomy":"post_tag","embeddable":true,"href":"https:\/\/yurtbakisi.com\/index.php?rest_route=%2Fwp%2Fv2%2Ftags&post=9298"},{"taxonomy":"yb_news_series","embeddable":true,"href":"https:\/\/yurtbakisi.com\/index.php?rest_route=%2Fwp%2Fv2%2Fyb_news_series&post=9298"},{"taxonomy":"yb_language","embeddable":true,"href":"https:\/\/yurtbakisi.com\/index.php?rest_route=%2Fwp%2Fv2%2Fyb_language&post=9298"}],"curies":[{"name":"wp","href":"https:\/\/api.w.org\/{rel}","templated":true}]}}