{"id":9300,"date":"2026-09-05T16:29:20","date_gmt":"2026-09-05T13:29:20","guid":{"rendered":"https:\/\/yurtbakisi.com\/?p=9300"},"modified":"2026-09-05T16:29:20","modified_gmt":"2026-09-05T13:29:20","slug":"miley-soyadini-sildi-yeni-sarkisini-yayinladi-odatv","status":"publish","type":"post","link":"https:\/\/yurtbakisi.com\/?p=9300","title":{"rendered":"Miley soyad\u0131n\u0131 sildi, yeni \u015fark\u0131s\u0131n\u0131 yay\u0131nlad\u0131 &#8211; Odatv"},"content":{"rendered":"<div class=\"yb-imported-news-note\">\n<p>Miley soyad\u0131n\u0131 sildi, yeni \u015fark\u0131s\u0131n\u0131 yay\u0131nlad\u0131 Odatv<\/p>\n<p><strong>Kaynak:<\/strong> Katalog \u2014 Alb\u00fcmler \u2014 Ayr\u0131nt\u0131lar ve tam i\u00e7erik i\u00e7in <a href=\"https:\/\/news.google.com\/rss\/articles\/CBMiowFBVV95cUxNUHdrYWZVOEtuLVBLem41c3ZLNHZra29fUHlXTlZHajloRGVqbWVRNG9Icy1rSk1SWFJXRXVFYzByT0JEOWRMemdlcTZsUWxfWlctX1E2MUFlaEt6UUJLdjROVTBQTzJVSEVITktsWU1Ba2p6aG9keFVrNm9kTUdGb3F0Mkp1X01iRmttX1RDS01ldkdGcGRtbTZFb2U0YXJRaWNB?oc=5\" target=\"_blank\" rel=\"nofollow noopener noreferrer\">\u00f6zg\u00fcn haberi a\u00e7\u0131n<\/a>.<\/p>\n<p><small>Bu kay\u0131t RSS haber havuzuna k\u0131sa kaynak \u00f6zeti olarak al\u0131nm\u0131\u015ft\u0131r; \u00f6zg\u00fcn metnin tamam\u0131 kopyalanmam\u0131\u015ft\u0131r.<\/small><\/p>\n<\/div>\n","protected":false},"excerpt":{"rendered":"<p>Miley soyad\u0131n\u0131 sildi, yeni \u015fark\u0131s\u0131n\u0131 yay\u0131nlad\u0131 Odatv<\/p>\n","protected":false},"author":1,"featured_media":9407,"comment_status":"closed","ping_status":"closed","sticky":false,"template":"","format":"standard","meta":{"_yb_topic_hash":"74a37e0da38c33465dcff6491d0bbeaa5d2601351c93e24394cfbde9f42d063c","_yb_image_repair_status":"","_yb_image_repair_last":"","_yb_image_repair_attempts":0,"_yb_source_trust_score":88,"footnotes":""},"categories":[38,5,37],"tags":[147,109],"yb_news_series":[],"yb_language":[],"class_list":["post-9300","post","type-post","status-publish","format-standard","has-post-thumbnail","hentry","category-albumler","category-muzik","category-yeni-sarkilar","tag-katalog-albumler","tag-muzik"],"blocksy_meta":[],"_links":{"self":[{"href":"https:\/\/yurtbakisi.com\/index.php?rest_route=\/wp\/v2\/posts\/9300","targetHints":{"allow":["GET"]}}],"collection":[{"href":"https:\/\/yurtbakisi.com\/index.php?rest_route=\/wp\/v2\/posts"}],"about":[{"href":"https:\/\/yurtbakisi.com\/index.php?rest_route=\/wp\/v2\/types\/post"}],"author":[{"embeddable":true,"href":"https:\/\/yurtbakisi.com\/index.php?rest_route=\/wp\/v2\/users\/1"}],"replies":[{"embeddable":true,"href":"https:\/\/yurtbakisi.com\/index.php?rest_route=%2Fwp%2Fv2%2Fcomments&post=9300"}],"version-history":[{"count":0,"href":"https:\/\/yurtbakisi.com\/index.php?rest_route=\/wp\/v2\/posts\/9300\/revisions"}],"wp:featuredmedia":[{"embeddable":true,"href":"https:\/\/yurtbakisi.com\/index.php?rest_route=\/wp\/v2\/media\/9407"}],"wp:attachment":[{"href":"https:\/\/yurtbakisi.com\/index.php?rest_route=%2Fwp%2Fv2%2Fmedia&parent=9300"}],"wp:term":[{"taxonomy":"category","embeddable":true,"href":"https:\/\/yurtbakisi.com\/index.php?rest_route=%2Fwp%2Fv2%2Fcategories&post=9300"},{"taxonomy":"post_tag","embeddable":true,"href":"https:\/\/yurtbakisi.com\/index.php?rest_route=%2Fwp%2Fv2%2Ftags&post=9300"},{"taxonomy":"yb_news_series","embeddable":true,"href":"https:\/\/yurtbakisi.com\/index.php?rest_route=%2Fwp%2Fv2%2Fyb_news_series&post=9300"},{"taxonomy":"yb_language","embeddable":true,"href":"https:\/\/yurtbakisi.com\/index.php?rest_route=%2Fwp%2Fv2%2Fyb_language&post=9300"}],"curies":[{"name":"wp","href":"https:\/\/api.w.org\/{rel}","templated":true}]}}