{"id":9309,"date":"2026-09-05T17:01:28","date_gmt":"2026-09-05T14:01:28","guid":{"rendered":"https:\/\/yurtbakisi.com\/?p=9309"},"modified":"2026-09-05T17:01:34","modified_gmt":"2026-09-05T14:01:34","slug":"kktcdeki-gemi-kazasinda-hayatini-kaybeden-demirin-cenazesi-eskisehire-getirildi","status":"publish","type":"post","link":"https:\/\/yurtbakisi.com\/?p=9309","title":{"rendered":"KKTC&#039;deki gemi kazas\u0131nda hayat\u0131n\u0131 kaybeden Demir&#039;in cenazesi Eski\u015fehir&#039;e getirildi"},"content":{"rendered":"<p>Kuzey K\u0131br\u0131s T\u00fcrk Cumhuriyeti&#039;nin (KKTC) Girne Liman\u0131 a\u00e7\u0131\u011f\u0131nda yolcu gemisinin alabora olmas\u0131 sonucu kaybolan ve denizden cans\u0131z bedeni \u00e7\u0131kar\u0131lan 58 ya\u015f\u0131ndaki Elmas Demir&#039;in cenazesi memleketi Eski\u015fehir&#039;e getirildi.<\/p>\n<p><strong>Kaynak:<\/strong> TRT Haber \u2014 <a href=\"https:\/\/www.trthaber.com\/haber\/turkiye\/kktcdeki-gemi-kazasinda-hayatini-kaybeden-demirin-cenazesi-eskisehire-getirildi-955950.html\" target=\"_blank\" rel=\"nofollow noopener\">Haberin devam\u0131n\u0131 \u00f6zg\u00fcn kayna\u011f\u0131nda oku<\/a><\/p>\n","protected":false},"excerpt":{"rendered":"<p>Kuzey K\u0131br\u0131s T\u00fcrk Cumhuriyeti&#8217;nin (KKTC) Girne Liman\u0131 a\u00e7\u0131\u011f\u0131nda yolcu gemisinin alabora olmas\u0131 sonucu kaybolan ve denizden cans\u0131z bedeni \u00e7\u0131kar\u0131lan 58 ya\u015f\u0131ndaki Elmas Demir&#8217;in cenazesi memleketi Eski\u015fehir&#8217;e getirildi.<\/p>\n","protected":false},"author":0,"featured_media":9310,"comment_status":"closed","ping_status":"closed","sticky":false,"template":"","format":"standard","meta":{"_yb_topic_hash":"d03468f058d4dba4fd6310c21a629af85972ffb92655c18241a0e401a67f3698","_yb_image_repair_status":"","_yb_image_repair_last":"","_yb_image_repair_attempts":0,"_yb_source_trust_score":0,"footnotes":""},"categories":[154],"tags":[],"yb_news_series":[],"yb_language":[],"class_list":["post-9309","post","type-post","status-publish","format-standard","has-post-thumbnail","hentry","category-turkiye"],"blocksy_meta":[],"_links":{"self":[{"href":"https:\/\/yurtbakisi.com\/index.php?rest_route=\/wp\/v2\/posts\/9309","targetHints":{"allow":["GET"]}}],"collection":[{"href":"https:\/\/yurtbakisi.com\/index.php?rest_route=\/wp\/v2\/posts"}],"about":[{"href":"https:\/\/yurtbakisi.com\/index.php?rest_route=\/wp\/v2\/types\/post"}],"replies":[{"embeddable":true,"href":"https:\/\/yurtbakisi.com\/index.php?rest_route=%2Fwp%2Fv2%2Fcomments&post=9309"}],"version-history":[{"count":1,"href":"https:\/\/yurtbakisi.com\/index.php?rest_route=\/wp\/v2\/posts\/9309\/revisions"}],"predecessor-version":[{"id":9311,"href":"https:\/\/yurtbakisi.com\/index.php?rest_route=\/wp\/v2\/posts\/9309\/revisions\/9311"}],"wp:featuredmedia":[{"embeddable":true,"href":"https:\/\/yurtbakisi.com\/index.php?rest_route=\/wp\/v2\/media\/9310"}],"wp:attachment":[{"href":"https:\/\/yurtbakisi.com\/index.php?rest_route=%2Fwp%2Fv2%2Fmedia&parent=9309"}],"wp:term":[{"taxonomy":"category","embeddable":true,"href":"https:\/\/yurtbakisi.com\/index.php?rest_route=%2Fwp%2Fv2%2Fcategories&post=9309"},{"taxonomy":"post_tag","embeddable":true,"href":"https:\/\/yurtbakisi.com\/index.php?rest_route=%2Fwp%2Fv2%2Ftags&post=9309"},{"taxonomy":"yb_news_series","embeddable":true,"href":"https:\/\/yurtbakisi.com\/index.php?rest_route=%2Fwp%2Fv2%2Fyb_news_series&post=9309"},{"taxonomy":"yb_language","embeddable":true,"href":"https:\/\/yurtbakisi.com\/index.php?rest_route=%2Fwp%2Fv2%2Fyb_language&post=9309"}],"curies":[{"name":"wp","href":"https:\/\/api.w.org\/{rel}","templated":true}]}}