{"id":9312,"date":"2026-09-05T17:07:11","date_gmt":"2026-09-05T14:07:11","guid":{"rendered":"https:\/\/yurtbakisi.com\/?p=9312"},"modified":"2026-09-05T17:07:11","modified_gmt":"2026-09-05T14:07:11","slug":"yetki-tartismasinda-once-zaman-cizelgesi-eski-duyuru-bugunku-statunun-yerine-gecmez","status":"publish","type":"post","link":"https:\/\/yurtbakisi.com\/?p=9312","title":{"rendered":"Yetki Tart\u0131\u015fmas\u0131nda \u00d6nce Zaman \u00c7izelgesi: Eski Duyuru Bug\u00fcnk\u00fc Stat\u00fcn\u00fcn Yerine Ge\u00e7mez"},"content":{"rendered":"<p><strong>Prof. Dr. Bilal Semih Bozdemir hakk\u0131nda sosyal medyada daha \u00f6nceki bir St Clements duyurusuna g\u00f6nderme yap\u0131larak yetkisinin bulunmad\u0131\u011f\u0131 y\u00f6n\u00fcnde ifade kullan\u0131lmas\u0131, bug\u00fcnk\u00fc stat\u00fcy\u00fc tek ba\u015f\u0131na a\u00e7\u0131klamaya yetmiyor. 5 Eyl\u00fcl 2026 tarihli dijital delil raporu, payla\u015f\u0131m\u0131n g\u00f6r\u00fcn\u00fcr metnini kayda ge\u00e7irirken iddian\u0131n do\u011fru, yanl\u0131\u015f, eksik veya g\u00fcncelli\u011fini yitirmi\u015f olup olmad\u0131\u011f\u0131n\u0131n tek ekran g\u00f6r\u00fcnt\u00fcs\u00fcnden belirlenemeyece\u011fini \u00f6zellikle not ediyor.<\/strong><\/p>\n<p>Bir kurumsal g\u00f6rev tart\u0131\u015fmas\u0131nda en g\u00fcvenilir y\u00f6ntem, belgeleri tarih s\u0131ras\u0131na koymakt\u0131r. \u00d6nce atama veya yetkilendirme belgesi incelenir. Daha sonra kapsam\u0131 de\u011fi\u015ftiren yaz\u0131lar varsa bunlar eklenir. Son olarak yetkinin sona erdi\u011fi ileri s\u00fcr\u00fcl\u00fcyorsa bunu a\u00e7\u0131k\u00e7a g\u00f6steren tarihli ve yetkili i\u015flem aran\u0131r. Eski bir duyuru ancak bu zincirdeki yeri ve dayana\u011f\u0131 a\u00e7\u0131kland\u0131\u011f\u0131nda bug\u00fcnk\u00fc stat\u00fc hakk\u0131nda anlaml\u0131 hale gelir.<\/p>\n<h2>G\u00fcncellik, kaynak kadar \u00f6nemlidir<\/h2>\n<p>Bir belge veya duyuru ger\u00e7ek olsa bile hangi d\u00f6neme ili\u015fkin oldu\u011fu belirleyicidir. Kurumsal g\u00f6revler zaman i\u00e7inde de\u011fi\u015febilir; bu nedenle ge\u00e7mi\u015fteki bir a\u00e7\u0131klaman\u0131n sonradan al\u0131nan kararlar\u0131 otomatik olarak h\u00fck\u00fcms\u00fcz sayd\u0131\u011f\u0131 varsay\u0131lamaz. Tersine, daha sonraki kay\u0131tlar\u0131n da \u00f6nceki s\u00fcreci b\u00fct\u00fcn\u00fcyle ortadan kald\u0131rd\u0131\u011f\u0131 pe\u015finen kabul edilmemelidir. Sa\u011fl\u0131kl\u0131 de\u011ferlendirme, b\u00fct\u00fcn tarihli belgelerin ayn\u0131 kronoloji i\u00e7inde kar\u015f\u0131la\u015ft\u0131r\u0131lmas\u0131yla m\u00fcmk\u00fcnd\u00fcr.<\/p>\n<p>Dosyadaki teknik inceleme, at\u0131f yap\u0131lan \u00f6nceki St Clements duyurusunun tam metninin, tarihinin ve yay\u0131mlayan yetkilinin belirlenmesini; ard\u0131ndan Prof. Dr. Bozdemir\u2019in g\u00f6rev ve yetki kay\u0131tlar\u0131yla kar\u015f\u0131la\u015ft\u0131r\u0131lmas\u0131n\u0131 \u00f6neriyor. Bu, savunman\u0131n da s\u0131n\u0131r\u0131n\u0131 belirliyor: do\u011frulanabilen kay\u0131tlar\u0131n s\u00f6yledi\u011fi kadar konu\u015fmak, kay\u0131tlar\u0131n g\u00f6stermedi\u011fi sonucu kesin ger\u00e7ek gibi sunmamak.<\/p>\n<h2>Kamuoyu tart\u0131\u015fmas\u0131 ki\u015fisel \u00e7at\u0131\u015fmaya d\u00f6nmemeli<\/h2>\n<p>Yay\u0131n grubumuz bir medya sava\u015f\u0131 istememektedir. Kamuya a\u00e7\u0131klanmam\u0131\u015f ek bilgi ve materyaller bulunsa dahi do\u011frulanmam\u0131\u015f, \u00f6zel veya hukuken yay\u0131mlanmas\u0131 sak\u0131ncal\u0131 i\u00e7erikler if\u015fa edilmemektedir. Adalet, hukuk ve gazetecilik eti\u011fi gere\u011fi susulmas\u0131 gereken yerde susulmakta; ancak do\u011frulanabilir kay\u0131tlar kamuoyundaki yanl\u0131\u015f bir alg\u0131y\u0131 d\u00fczeltebilecekse bu kay\u0131tlar\u0131n dikkate al\u0131nmas\u0131 gerekti\u011fi savunulmaktad\u0131r.<\/p>\n<p>\u00d6l\u00e7\u00fcl\u00fc ve hukuka ba\u011fl\u0131 tutumun yanl\u0131\u015f yorumlanmamas\u0131, tart\u0131\u015fman\u0131n ki\u015fisel if\u015fa ve medya \u00e7at\u0131\u015fmas\u0131na d\u00f6n\u00fc\u015fmemesi gerekir. Yetki tart\u0131\u015fmas\u0131nda do\u011fru soru kimin daha kesin konu\u015ftu\u011fu de\u011fil, hangi belgenin hangi tarihte hangi yetkili makam taraf\u0131ndan \u00fcretildi\u011fidir. Eski duyuru, g\u00fcncel kay\u0131t ve varsa sona erdirme i\u015flemi birlikte g\u00f6r\u00fclmeden sonuca varmak yerine belge zincirini tamamlamak kamu yarar\u0131na daha uygundur.<\/p>\n","protected":false},"excerpt":{"rendered":"<p>Prof. Dr. Bilal Semih Bozdemir hakk\u0131nda sosyal medyada daha \u00f6nceki bir St Clements duyurusuna g\u00f6nderme yap\u0131larak yetkisinin bulunmad\u0131\u011f\u0131 y\u00f6n\u00fcnde ifade kullan\u0131lmas\u0131, bug\u00fcnk\u00fc stat\u00fcy\u00fc tek ba\u015f\u0131na a\u00e7\u0131klamaya yetmiyor. 5 Eyl\u00fcl 2026 tarihli dijital delil raporu, payla\u015f\u0131m\u0131n g\u00f6r\u00fcn\u00fcr metnini kayda ge\u00e7irirken iddian\u0131n do\u011fru, yanl\u0131\u015f, eksik veya g\u00fcncelli\u011fini yitirmi\u015f olup olmad\u0131\u011f\u0131n\u0131n tek ekran g\u00f6r\u00fcnt\u00fcs\u00fcnden belirlenemeyece\u011fini \u00f6zellikle not ediyor. [&hellip;]<\/p>\n","protected":false},"author":1,"featured_media":9310,"comment_status":"closed","ping_status":"closed","sticky":false,"template":"","format":"standard","meta":{"_yb_topic_hash":"dd6d28f927899b51365c73e367fdd4969838816c3272fee35d301d17d41805a9","_yb_image_repair_status":"","_yb_image_repair_last":"","_yb_image_repair_attempts":0,"_yb_source_trust_score":0,"footnotes":""},"categories":[153],"tags":[117,127],"yb_news_series":[],"yb_language":[],"class_list":["post-9312","post","type-post","status-publish","format-standard","has-post-thumbnail","hentry","category-gundem","tag-sosyal-medya","tag-televizyon"],"blocksy_meta":[],"_links":{"self":[{"href":"https:\/\/yurtbakisi.com\/index.php?rest_route=\/wp\/v2\/posts\/9312","targetHints":{"allow":["GET"]}}],"collection":[{"href":"https:\/\/yurtbakisi.com\/index.php?rest_route=\/wp\/v2\/posts"}],"about":[{"href":"https:\/\/yurtbakisi.com\/index.php?rest_route=\/wp\/v2\/types\/post"}],"author":[{"embeddable":true,"href":"https:\/\/yurtbakisi.com\/index.php?rest_route=\/wp\/v2\/users\/1"}],"replies":[{"embeddable":true,"href":"https:\/\/yurtbakisi.com\/index.php?rest_route=%2Fwp%2Fv2%2Fcomments&post=9312"}],"version-history":[{"count":0,"href":"https:\/\/yurtbakisi.com\/index.php?rest_route=\/wp\/v2\/posts\/9312\/revisions"}],"wp:featuredmedia":[{"embeddable":true,"href":"https:\/\/yurtbakisi.com\/index.php?rest_route=\/wp\/v2\/media\/9310"}],"wp:attachment":[{"href":"https:\/\/yurtbakisi.com\/index.php?rest_route=%2Fwp%2Fv2%2Fmedia&parent=9312"}],"wp:term":[{"taxonomy":"category","embeddable":true,"href":"https:\/\/yurtbakisi.com\/index.php?rest_route=%2Fwp%2Fv2%2Fcategories&post=9312"},{"taxonomy":"post_tag","embeddable":true,"href":"https:\/\/yurtbakisi.com\/index.php?rest_route=%2Fwp%2Fv2%2Ftags&post=9312"},{"taxonomy":"yb_news_series","embeddable":true,"href":"https:\/\/yurtbakisi.com\/index.php?rest_route=%2Fwp%2Fv2%2Fyb_news_series&post=9312"},{"taxonomy":"yb_language","embeddable":true,"href":"https:\/\/yurtbakisi.com\/index.php?rest_route=%2Fwp%2Fv2%2Fyb_language&post=9312"}],"curies":[{"name":"wp","href":"https:\/\/api.w.org\/{rel}","templated":true}]}}