{"id":9315,"date":"2026-09-05T17:56:14","date_gmt":"2026-09-05T14:56:14","guid":{"rendered":"https:\/\/yurtbakisi.com\/?p=9315"},"modified":"2026-09-05T17:56:14","modified_gmt":"2026-09-05T14:56:14","slug":"ogrenciyi-ilgilendiren-buyuk-duyuru-bir-yil-kayit-yok-sozu-resmi-kaynakla-dogrulanmali","status":"publish","type":"post","link":"https:\/\/yurtbakisi.com\/?p=9315","title":{"rendered":"\u00d6\u011frenciyi \u0130lgilendiren B\u00fcy\u00fck Duyuru: \u2018Bir Y\u0131l Kay\u0131t Yok\u2019 S\u00f6z\u00fc Resm\u00ee Kaynakla Do\u011frulanmal\u0131"},"content":{"rendered":"<p><strong>Bir \u00fcniversiteyle ilgili sosyal medya payla\u015f\u0131m\u0131nda \u2018T\u00fcrkiye\u2019den bir y\u0131l yeni kay\u0131t al\u0131nmayacak\u2019 denildi\u011finde, mesele yaln\u0131z kurumlar aras\u0131 bir y\u00f6netim tart\u0131\u015fmas\u0131 olmaktan \u00e7\u0131kar; \u00f6\u011frenci adaylar\u0131n\u0131n e\u011fitim plan\u0131n\u0131, zaman\u0131n\u0131 ve b\u00fct\u00e7esini etkileyen somut bir bilgiye d\u00f6n\u00fc\u015f\u00fcr.<\/strong> 5 Eyl\u00fcl 2026 tarihli delil tespit raporunda ar\u015fivlenen Super7TV g\u00f6rselindeki bu ifade de tam olarak bu nedenle ba\u011f\u0131ms\u0131z do\u011frulama gerektiriyor.<\/p>\n<p>Delil raporu g\u00f6r\u00fcnt\u00fcn\u00fcn varl\u0131\u011f\u0131n\u0131 ve ekranda g\u00f6r\u00fclen ifadeleri kay\u0131t alt\u0131na al\u0131yor; fakat hesab\u0131n hukuk\u00ee sahibini, ilk yay\u0131n zaman\u0131n\u0131 veya i\u00e7erikteki kurumsal iddialar\u0131n do\u011frulu\u011funu tek ba\u015f\u0131na kesinle\u015ftirmiyor. Dolay\u0131s\u0131yla bir \u00f6\u011frenci aday\u0131n\u0131n \u2018St Clements T\u00fcrkiye\u2019den ger\u00e7ekten bir y\u0131l \u00f6\u011frenci alm\u0131yor mu?\u2019 sorusuna yaln\u0131z ekran g\u00f6r\u00fcnt\u00fcs\u00fcne bakarak evet ya da hay\u0131r demek sa\u011fl\u0131kl\u0131 de\u011fil.<\/p>\n<h2>25 A\u011fustos\u2019taki kurumsal teyit<\/h2>\n<p>Dosyada yer alan 25 A\u011fustos 2026 tarihli St Clements University e-postas\u0131 \u00f6nemli bir kar\u015f\u0131-kay\u0131t olu\u015fturuyor. Kalite G\u00fcvence Y\u00f6neticisi Ren\u00e9 Le Cornu, dola\u015f\u0131mdaki alternatif T\u00fcrkiye\/T\u00fcrk Devletleri y\u00f6netim yap\u0131s\u0131n\u0131n University Board taraf\u0131ndan yetkilendirilmedi\u011fini bildiriyor. Prof. Dr. Bilal Semih Bozdemir\u2019in mevcut Dean \u2013 T\u00fcrkiye oldu\u011fu ve bu stat\u00fcn\u00fcn tart\u0131\u015fma konusu olmad\u0131\u011f\u0131 da ayn\u0131 yaz\u0131da a\u00e7\u0131k\u00e7a ifade ediliyor.<\/p>\n<p>\u00dcniversite ayr\u0131ca g\u00f6revin gelecekteki yetki ve sorumluluk kapsam\u0131n\u0131 y\u00f6netim kurulu \u00f6n\u00fcnde daha a\u00e7\u0131k hale getirmek \u00fczere bir inceleme y\u00fcr\u00fctt\u00fc\u011f\u00fcn\u00fc s\u00f6yl\u00fcyor. Bu ayr\u0131m \u00f6nemli: rol\u00fcn kapsam\u0131n\u0131 yeniden tan\u0131mlamak ile mevcut rol\u00fcn hi\u00e7 olmad\u0131\u011f\u0131 sonucuna varmak ayn\u0131 \u015fey de\u011fil. Benzer bi\u00e7imde, kay\u0131t politikas\u0131n\u0131 de\u011fi\u015ftirmek ile sosyal medyada kay\u0131tlar\u0131n durduruldu\u011funu s\u00f6ylemek de ayn\u0131 delil d\u00fczeyinde de\u011ferlendirilemez.<\/p>\n<p>5 Eyl\u00fcl payla\u015f\u0131m\u0131ndaki \u2018bir y\u0131l\u2019 ifadesi ger\u00e7ekten al\u0131nm\u0131\u015f yeni bir karara dayan\u0131yorsa, en kolay do\u011frulama yolu karar\u0131n tarihini, yetkili organ\u0131n\u0131 ve kapsam\u0131n\u0131 g\u00f6stermektir. Bu belge \u00f6\u011frenci adaylar\u0131n\u0131n belirsizli\u011fini azalt\u0131r. E\u011fer karar hen\u00fcz resm\u00eele\u015fmemi\u015f bir \u00f6neri veya yaln\u0131z belirli bir yap\u0131 i\u00e7in planlanan uygulamaysa, bunun da a\u00e7\u0131k\u00e7a belirtilmesi gerekir.<\/p>\n<p>Yurt Bak\u0131\u015f\u0131\u2019n\u0131n yakla\u015f\u0131m\u0131 bu tart\u0131\u015fmay\u0131 ki\u015fisel gerilime d\u00f6n\u00fc\u015ft\u00fcrmek de\u011fil. Yay\u0131n grubumuz kamuya a\u00e7\u0131klanmam\u0131\u015f ek bilgi ve materyaller bulunsa dahi do\u011frulanmam\u0131\u015f, \u00f6zel veya hukuken yay\u0131mlanmas\u0131 sak\u0131ncal\u0131 i\u00e7erikleri payla\u015fm\u0131yor. Gazetecilik eti\u011fi ve hukuk susmay\u0131 gerektirdi\u011finde o s\u0131n\u0131r\u0131 koruyor; do\u011frulanabilir bir kay\u0131t yanl\u0131\u015f alg\u0131y\u0131 giderebilecekse ise belgeyi g\u00f6r\u00fcn\u00fcr k\u0131l\u0131yor.<\/p>\n<p>\u00d6l\u00e7\u00fcl\u00fc ve hukuka ba\u011fl\u0131 tutumun yanl\u0131\u015f yorumlanmamas\u0131, tart\u0131\u015fman\u0131n ki\u015fisel if\u015fa veya medya \u00e7at\u0131\u015fmas\u0131na d\u00f6n\u00fc\u015fmemesi gerekir. Bu nedenle kay\u0131t politikas\u0131 hakk\u0131ndaki en do\u011fru cevap sosyal medya tart\u0131\u015fmas\u0131nda de\u011fil, St Clements University\u2019nin yetkili kurul ve merkez y\u00f6netim kay\u0131tlar\u0131nda aranmal\u0131d\u0131r.<\/p>\n","protected":false},"excerpt":{"rendered":"<p>Bir \u00fcniversiteyle ilgili sosyal medya payla\u015f\u0131m\u0131nda \u2018T\u00fcrkiye\u2019den bir y\u0131l yeni kay\u0131t al\u0131nmayacak\u2019 denildi\u011finde, mesele yaln\u0131z kurumlar aras\u0131 bir y\u00f6netim tart\u0131\u015fmas\u0131 olmaktan \u00e7\u0131kar; \u00f6\u011frenci adaylar\u0131n\u0131n e\u011fitim plan\u0131n\u0131, zaman\u0131n\u0131 ve b\u00fct\u00e7esini etkileyen somut bir bilgiye d\u00f6n\u00fc\u015f\u00fcr. 5 Eyl\u00fcl 2026 tarihli delil tespit raporunda ar\u015fivlenen Super7TV g\u00f6rselindeki bu ifade de tam olarak bu nedenle ba\u011f\u0131ms\u0131z do\u011frulama gerektiriyor. Delil [&hellip;]<\/p>\n","protected":false},"author":1,"featured_media":9310,"comment_status":"closed","ping_status":"closed","sticky":false,"template":"","format":"standard","meta":{"_yb_topic_hash":"333a80a75ff1f41dcf5e2796b1d24cc9a82a77d50ed6bcb4b0a206daa41e5f99","_yb_image_repair_status":"","_yb_image_repair_last":"","_yb_image_repair_attempts":0,"_yb_source_trust_score":0,"footnotes":""},"categories":[153],"tags":[112,117,127],"yb_news_series":[],"yb_language":[],"class_list":["post-9315","post","type-post","status-publish","format-standard","has-post-thumbnail","hentry","category-gundem","tag-saglik","tag-sosyal-medya","tag-televizyon"],"blocksy_meta":[],"_links":{"self":[{"href":"https:\/\/yurtbakisi.com\/index.php?rest_route=\/wp\/v2\/posts\/9315","targetHints":{"allow":["GET"]}}],"collection":[{"href":"https:\/\/yurtbakisi.com\/index.php?rest_route=\/wp\/v2\/posts"}],"about":[{"href":"https:\/\/yurtbakisi.com\/index.php?rest_route=\/wp\/v2\/types\/post"}],"author":[{"embeddable":true,"href":"https:\/\/yurtbakisi.com\/index.php?rest_route=\/wp\/v2\/users\/1"}],"replies":[{"embeddable":true,"href":"https:\/\/yurtbakisi.com\/index.php?rest_route=%2Fwp%2Fv2%2Fcomments&post=9315"}],"version-history":[{"count":0,"href":"https:\/\/yurtbakisi.com\/index.php?rest_route=\/wp\/v2\/posts\/9315\/revisions"}],"wp:featuredmedia":[{"embeddable":true,"href":"https:\/\/yurtbakisi.com\/index.php?rest_route=\/wp\/v2\/media\/9310"}],"wp:attachment":[{"href":"https:\/\/yurtbakisi.com\/index.php?rest_route=%2Fwp%2Fv2%2Fmedia&parent=9315"}],"wp:term":[{"taxonomy":"category","embeddable":true,"href":"https:\/\/yurtbakisi.com\/index.php?rest_route=%2Fwp%2Fv2%2Fcategories&post=9315"},{"taxonomy":"post_tag","embeddable":true,"href":"https:\/\/yurtbakisi.com\/index.php?rest_route=%2Fwp%2Fv2%2Ftags&post=9315"},{"taxonomy":"yb_news_series","embeddable":true,"href":"https:\/\/yurtbakisi.com\/index.php?rest_route=%2Fwp%2Fv2%2Fyb_news_series&post=9315"},{"taxonomy":"yb_language","embeddable":true,"href":"https:\/\/yurtbakisi.com\/index.php?rest_route=%2Fwp%2Fv2%2Fyb_language&post=9315"}],"curies":[{"name":"wp","href":"https:\/\/api.w.org\/{rel}","templated":true}]}}