{"id":9319,"date":"2026-09-05T18:05:18","date_gmt":"2026-09-05T15:05:18","guid":{"rendered":"https:\/\/yurtbakisi.com\/?p=9319"},"modified":"2026-09-05T18:05:34","modified_gmt":"2026-09-05T15:05:34","slug":"saglik-bakani-memisoglundan-asi-cagrisi","status":"publish","type":"post","link":"https:\/\/yurtbakisi.com\/?p=9319","title":{"rendered":"Sa\u011fl\u0131k Bakan\u0131 Memi\u015fo\u011flu&#039;ndan a\u015f\u0131 \u00e7a\u011fr\u0131s\u0131"},"content":{"rendered":"<p>Sa\u011fl\u0131k Bakan\u0131 Kemal Memi\u015fo\u011flu, &quot;\u00d6nceli\u011fimiz, a\u015f\u0131yla \u00f6nlenebilir hastal\u0131klara kar\u015f\u0131 evlatlar\u0131m\u0131z\u0131 korumak. Sa\u011fl\u0131kl\u0131 bir gelecek i\u00e7in a\u015f\u0131lar\u0131m\u0131z\u0131 ihmal etmeyelim.&quot; dedi.<\/p>\n<p><strong>Kaynak:<\/strong> TRT Haber \u2014 <a href=\"https:\/\/www.trthaber.com\/haber\/saglik\/saglik-bakani-memisoglundan-asi-cagrisi-955985.html\" target=\"_blank\" rel=\"nofollow noopener\">Haberin devam\u0131n\u0131 \u00f6zg\u00fcn kayna\u011f\u0131nda oku<\/a><\/p>\n","protected":false},"excerpt":{"rendered":"<p>Sa\u011fl\u0131k Bakan\u0131 Kemal Memi\u015fo\u011flu, &#8220;\u00d6nceli\u011fimiz, a\u015f\u0131yla \u00f6nlenebilir hastal\u0131klara kar\u015f\u0131 evlatlar\u0131m\u0131z\u0131 korumak. Sa\u011fl\u0131kl\u0131 bir gelecek i\u00e7in a\u015f\u0131lar\u0131m\u0131z\u0131 ihmal etmeyelim.&#8221; dedi.<\/p>\n","protected":false},"author":0,"featured_media":9320,"comment_status":"closed","ping_status":"closed","sticky":false,"template":"","format":"standard","meta":{"_yb_topic_hash":"04703d2254a3b605da1916f3362454571ecae1edce5a8042b470859a75354dd5","_yb_image_repair_status":"","_yb_image_repair_last":"","_yb_image_repair_attempts":0,"_yb_source_trust_score":0,"footnotes":""},"categories":[12],"tags":[112],"yb_news_series":[],"yb_language":[],"class_list":["post-9319","post","type-post","status-publish","format-standard","has-post-thumbnail","hentry","category-saglik","tag-saglik"],"blocksy_meta":[],"_links":{"self":[{"href":"https:\/\/yurtbakisi.com\/index.php?rest_route=\/wp\/v2\/posts\/9319","targetHints":{"allow":["GET"]}}],"collection":[{"href":"https:\/\/yurtbakisi.com\/index.php?rest_route=\/wp\/v2\/posts"}],"about":[{"href":"https:\/\/yurtbakisi.com\/index.php?rest_route=\/wp\/v2\/types\/post"}],"replies":[{"embeddable":true,"href":"https:\/\/yurtbakisi.com\/index.php?rest_route=%2Fwp%2Fv2%2Fcomments&post=9319"}],"version-history":[{"count":1,"href":"https:\/\/yurtbakisi.com\/index.php?rest_route=\/wp\/v2\/posts\/9319\/revisions"}],"predecessor-version":[{"id":9321,"href":"https:\/\/yurtbakisi.com\/index.php?rest_route=\/wp\/v2\/posts\/9319\/revisions\/9321"}],"wp:featuredmedia":[{"embeddable":true,"href":"https:\/\/yurtbakisi.com\/index.php?rest_route=\/wp\/v2\/media\/9320"}],"wp:attachment":[{"href":"https:\/\/yurtbakisi.com\/index.php?rest_route=%2Fwp%2Fv2%2Fmedia&parent=9319"}],"wp:term":[{"taxonomy":"category","embeddable":true,"href":"https:\/\/yurtbakisi.com\/index.php?rest_route=%2Fwp%2Fv2%2Fcategories&post=9319"},{"taxonomy":"post_tag","embeddable":true,"href":"https:\/\/yurtbakisi.com\/index.php?rest_route=%2Fwp%2Fv2%2Ftags&post=9319"},{"taxonomy":"yb_news_series","embeddable":true,"href":"https:\/\/yurtbakisi.com\/index.php?rest_route=%2Fwp%2Fv2%2Fyb_news_series&post=9319"},{"taxonomy":"yb_language","embeddable":true,"href":"https:\/\/yurtbakisi.com\/index.php?rest_route=%2Fwp%2Fv2%2Fyb_language&post=9319"}],"curies":[{"name":"wp","href":"https:\/\/api.w.org\/{rel}","templated":true}]}}