{"id":9323,"date":"2026-09-05T18:23:00","date_gmt":"2026-09-05T15:23:00","guid":{"rendered":"https:\/\/yurtbakisi.com\/?p=9323"},"modified":"2026-09-05T18:23:00","modified_gmt":"2026-09-05T15:23:00","slug":"zeynep-bastik-nikahtan-yeni-kareleri-paylasti-hayatimin-aski-milliyet","status":"publish","type":"post","link":"https:\/\/yurtbakisi.com\/?p=9323","title":{"rendered":"Zeynep Bast\u0131k nikahtan yeni kareleri payla\u015ft\u0131! &#8216;Hayat\u0131m\u0131n a\u015fk\u0131&#8217; &#8211; Milliyet"},"content":{"rendered":"<div class=\"yb-imported-news-note\">\n<p>Zeynep Bast\u0131k nikahtan yeni kareleri payla\u015ft\u0131! &#039;Hayat\u0131m\u0131n a\u015fk\u0131&#039; Milliyet<\/p>\n<p><strong>Kaynak:<\/strong> Canl\u0131 Ak\u0131\u015f \u2014 Magazin \u2014 Ayr\u0131nt\u0131lar ve tam i\u00e7erik i\u00e7in <a href=\"https:\/\/news.google.com\/rss\/articles\/CBMisAFBVV95cUxPalYtSkZkWndTVlJ5WlpRdmZsbTFzNHJaQld0WGtFUWZ5b0VpcjRHcnc1TnBrRlo1aFJVV3NsY0ZMaTdGcHlGc0l3Z2xPa3ozV3loMVhWQ1NkTnYxOThuR29KWTlGY042X3NleEFWOVc2WEpDUjJucVQxVUJ2a3R2Q0tzYmcyMGxmbDNMWl9DdGJORDdTcXlTUWtxNHd1YTA4S0RIOFdMRmNUSWg0bDFkLQ?oc=5\" target=\"_blank\" rel=\"nofollow noopener noreferrer\">\u00f6zg\u00fcn haberi a\u00e7\u0131n<\/a>.<\/p>\n<p><small>Bu kay\u0131t RSS haber havuzuna k\u0131sa kaynak \u00f6zeti olarak al\u0131nm\u0131\u015ft\u0131r; \u00f6zg\u00fcn metnin tamam\u0131 kopyalanmam\u0131\u015ft\u0131r.<\/small><\/p>\n<\/div>\n","protected":false},"excerpt":{"rendered":"<p>Zeynep Bast\u0131k nikahtan yeni kareleri payla\u015ft\u0131! &#8216;Hayat\u0131m\u0131n a\u015fk\u0131&#8217; Milliyet<\/p>\n","protected":false},"author":1,"featured_media":0,"comment_status":"closed","ping_status":"closed","sticky":false,"template":"","format":"standard","meta":{"_yb_topic_hash":"04eb6177920f45084498fd3095882a5491d72c112cc8eb646616d4bfc8d7a6a1","_yb_image_repair_status":"","_yb_image_repair_last":"","_yb_image_repair_attempts":0,"_yb_source_trust_score":93,"footnotes":""},"categories":[9,66,68,15],"tags":[108,130],"yb_news_series":[],"yb_language":[],"class_list":["post-9323","post","type-post","status-publish","format-standard","has-post-thumbnail","hentry","category-cemiyet","category-cemiyet-sosyal","category-dugunler","category-magazin","tag-canli-akis-magazin","tag-foto-galeri"],"blocksy_meta":[],"_links":{"self":[{"href":"https:\/\/yurtbakisi.com\/index.php?rest_route=\/wp\/v2\/posts\/9323","targetHints":{"allow":["GET"]}}],"collection":[{"href":"https:\/\/yurtbakisi.com\/index.php?rest_route=\/wp\/v2\/posts"}],"about":[{"href":"https:\/\/yurtbakisi.com\/index.php?rest_route=\/wp\/v2\/types\/post"}],"author":[{"embeddable":true,"href":"https:\/\/yurtbakisi.com\/index.php?rest_route=\/wp\/v2\/users\/1"}],"replies":[{"embeddable":true,"href":"https:\/\/yurtbakisi.com\/index.php?rest_route=%2Fwp%2Fv2%2Fcomments&post=9323"}],"version-history":[{"count":0,"href":"https:\/\/yurtbakisi.com\/index.php?rest_route=\/wp\/v2\/posts\/9323\/revisions"}],"wp:attachment":[{"href":"https:\/\/yurtbakisi.com\/index.php?rest_route=%2Fwp%2Fv2%2Fmedia&parent=9323"}],"wp:term":[{"taxonomy":"category","embeddable":true,"href":"https:\/\/yurtbakisi.com\/index.php?rest_route=%2Fwp%2Fv2%2Fcategories&post=9323"},{"taxonomy":"post_tag","embeddable":true,"href":"https:\/\/yurtbakisi.com\/index.php?rest_route=%2Fwp%2Fv2%2Ftags&post=9323"},{"taxonomy":"yb_news_series","embeddable":true,"href":"https:\/\/yurtbakisi.com\/index.php?rest_route=%2Fwp%2Fv2%2Fyb_news_series&post=9323"},{"taxonomy":"yb_language","embeddable":true,"href":"https:\/\/yurtbakisi.com\/index.php?rest_route=%2Fwp%2Fv2%2Fyb_language&post=9323"}],"curies":[{"name":"wp","href":"https:\/\/api.w.org\/{rel}","templated":true}]}}