{"id":9329,"date":"2026-09-05T00:22:36","date_gmt":"2026-09-04T21:22:36","guid":{"rendered":"https:\/\/yurtbakisi.com\/?p=9329"},"modified":"2026-09-05T00:22:36","modified_gmt":"2026-09-04T21:22:36","slug":"tuzlu-kahve-dizisinin-cekildigi-yali-belli-oldu-yali-cok-tanidik-cikti-ulusalpost-com","status":"publish","type":"post","link":"https:\/\/yurtbakisi.com\/?p=9329","title":{"rendered":"Tuzlu Kahve dizisinin \u00e7ekildi\u011fi yal\u0131 belli oldu! Yal\u0131 \u00e7ok tan\u0131d\u0131k \u00e7\u0131kt\u0131 &#8211; ulusalpost.com"},"content":{"rendered":"<div class=\"yb-imported-news-note\">\n<p>Tuzlu Kahve dizisinin \u00e7ekildi\u011fi yal\u0131 belli oldu! Yal\u0131 \u00e7ok tan\u0131d\u0131k \u00e7\u0131kt\u0131 ulusalpost.com<\/p>\n<p><strong>Kaynak:<\/strong> Canl\u0131 Ak\u0131\u015f \u2014 TV ve Dizi \u2014 Ayr\u0131nt\u0131lar ve tam i\u00e7erik i\u00e7in <a href=\"https:\/\/news.google.com\/rss\/articles\/CBMiywFBVV95cUxPZldnRkFnQUhuOENqME96cEVqLUd4VWhKcXRQcG1Ma0hpMjdYbFVvejBzaVJuNWRsbjhWRHBaeDNuOEJseElXMDNZWHotY0dpdExjM2ZLcDdPX2JQQVJXSVRXQjFrWU52cVRpR01sbEd5ZXUzZ1hua1VmdFdEZ1gyTGUzZ3FBejZhVGFVbF9OMkgtcEUtWFc1NFZ5eVQzREdkWEplX0o5TkZwdTVZekZfRGJyeUd1bURvMDF4dnplLTQzcW94XzJrVzVLUdIBywFBVV95cUxPZldnRkFnQUhuOENqME96cEVqLUd4VWhKcXRQcG1Ma0hpMjdYbFVvejBzaVJuNWRsbjhWRHBaeDNuOEJseElXMDNZWHotY0dpdExjM2ZLcDdPX2JQQVJXSVRXQjFrWU52cVRpR01sbEd5ZXUzZ1hua1VmdFdEZ1gyTGUzZ3FBejZhVGFVbF9OMkgtcEUtWFc1NFZ5eVQzREdkWEplX0o5TkZwdTVZekZfRGJyeUd1bURvMDF4dnplLTQzcW94XzJrVzVLUQ?oc=5\" target=\"_blank\" rel=\"nofollow noopener noreferrer\">\u00f6zg\u00fcn haberi a\u00e7\u0131n<\/a>.<\/p>\n<p><small>Bu kay\u0131t RSS haber havuzuna k\u0131sa kaynak \u00f6zeti olarak al\u0131nm\u0131\u015ft\u0131r; \u00f6zg\u00fcn metnin tamam\u0131 kopyalanmam\u0131\u015ft\u0131r.<\/small><\/p>\n<\/div>\n","protected":false},"excerpt":{"rendered":"<p>Tuzlu Kahve dizisinin \u00e7ekildi\u011fi yal\u0131 belli oldu! Yal\u0131 \u00e7ok tan\u0131d\u0131k \u00e7\u0131kt\u0131 ulusalpost.com<\/p>\n","protected":false},"author":1,"featured_media":0,"comment_status":"closed","ping_status":"closed","sticky":false,"template":"","format":"standard","meta":{"_yb_topic_hash":"e5a73dd8841540985ebfb09c570a894fa883118704ad0b41e9ed7a943e72af9f","_yb_image_repair_status":"","_yb_image_repair_last":"","_yb_image_repair_attempts":0,"_yb_source_trust_score":93,"footnotes":""},"categories":[27,25,3],"tags":[115,114],"yb_news_series":[],"yb_language":[],"class_list":["post-9329","post","type-post","status-publish","format-standard","has-post-thumbnail","hentry","category-dizi-haberleri","category-diziler","category-tv-dizi","tag-canli-akis-tv-ve-dizi","tag-dizi"],"blocksy_meta":[],"_links":{"self":[{"href":"https:\/\/yurtbakisi.com\/index.php?rest_route=\/wp\/v2\/posts\/9329","targetHints":{"allow":["GET"]}}],"collection":[{"href":"https:\/\/yurtbakisi.com\/index.php?rest_route=\/wp\/v2\/posts"}],"about":[{"href":"https:\/\/yurtbakisi.com\/index.php?rest_route=\/wp\/v2\/types\/post"}],"author":[{"embeddable":true,"href":"https:\/\/yurtbakisi.com\/index.php?rest_route=\/wp\/v2\/users\/1"}],"replies":[{"embeddable":true,"href":"https:\/\/yurtbakisi.com\/index.php?rest_route=%2Fwp%2Fv2%2Fcomments&post=9329"}],"version-history":[{"count":0,"href":"https:\/\/yurtbakisi.com\/index.php?rest_route=\/wp\/v2\/posts\/9329\/revisions"}],"wp:attachment":[{"href":"https:\/\/yurtbakisi.com\/index.php?rest_route=%2Fwp%2Fv2%2Fmedia&parent=9329"}],"wp:term":[{"taxonomy":"category","embeddable":true,"href":"https:\/\/yurtbakisi.com\/index.php?rest_route=%2Fwp%2Fv2%2Fcategories&post=9329"},{"taxonomy":"post_tag","embeddable":true,"href":"https:\/\/yurtbakisi.com\/index.php?rest_route=%2Fwp%2Fv2%2Ftags&post=9329"},{"taxonomy":"yb_news_series","embeddable":true,"href":"https:\/\/yurtbakisi.com\/index.php?rest_route=%2Fwp%2Fv2%2Fyb_news_series&post=9329"},{"taxonomy":"yb_language","embeddable":true,"href":"https:\/\/yurtbakisi.com\/index.php?rest_route=%2Fwp%2Fv2%2Fyb_language&post=9329"}],"curies":[{"name":"wp","href":"https:\/\/api.w.org\/{rel}","templated":true}]}}