{"id":9332,"date":"2026-09-05T14:10:27","date_gmt":"2026-09-05T11:10:27","guid":{"rendered":"https:\/\/yurtbakisi.com\/?p=9332"},"modified":"2026-09-05T14:10:27","modified_gmt":"2026-09-05T11:10:27","slug":"canakkale-kultur-yolu-festivalinin-7nci-gunu-tamamlandi-haberton","status":"publish","type":"post","link":"https:\/\/yurtbakisi.com\/?p=9332","title":{"rendered":"\u00c7anakkale K\u00fclt\u00fcr Yolu Festivali\u2019nin 7\u2019nci g\u00fcn\u00fc tamamland\u0131 &#8211; Haberton"},"content":{"rendered":"<div class=\"yb-imported-news-note\">\n<p>\u00c7anakkale K\u00fclt\u00fcr Yolu Festivali\u2019nin 7\u2019nci g\u00fcn\u00fc tamamland\u0131 Haberton<\/p>\n<p><strong>Kaynak:<\/strong> Canl\u0131 Ak\u0131\u015f \u2014 K\u00fclt\u00fcr Sanat \u2014 Ayr\u0131nt\u0131lar ve tam i\u00e7erik i\u00e7in <a href=\"https:\/\/news.google.com\/rss\/articles\/CBMigwFBVV95cUxNSFdLaElhRUwzWG1Ed1djTkpFd3BiU0JlZ2h4dWZlV3Y1THB3OHp2UGFZRUhaMVBaME1ZaElhTWxvdVcyemZMTGh0TVJBcExCQlhvcjJmR0tJLXZsT0Nid0hyZXA4TVVCSlJEU19kRzdiZV9nTHN2MS1jY2JwWjBfNE83dw?oc=5\" target=\"_blank\" rel=\"nofollow noopener noreferrer\">\u00f6zg\u00fcn haberi a\u00e7\u0131n<\/a>.<\/p>\n<p><small>Bu kay\u0131t RSS haber havuzuna k\u0131sa kaynak \u00f6zeti olarak al\u0131nm\u0131\u015ft\u0131r; \u00f6zg\u00fcn metnin tamam\u0131 kopyalanmam\u0131\u015ft\u0131r.<\/small><\/p>\n<\/div>\n","protected":false},"excerpt":{"rendered":"<p>\u00c7anakkale K\u00fclt\u00fcr Yolu Festivali\u2019nin 7\u2019nci g\u00fcn\u00fc tamamland\u0131 Haberton<\/p>\n","protected":false},"author":1,"featured_media":0,"comment_status":"closed","ping_status":"closed","sticky":false,"template":"","format":"standard","meta":{"_yb_topic_hash":"8e58e2d50bd16c15902e51da5a998fef7a749f15e971cce29144eb29ac51c3ce","_yb_image_repair_status":"","_yb_image_repair_last":"","_yb_image_repair_attempts":0,"_yb_source_trust_score":93,"footnotes":""},"categories":[10,4],"tags":[119,111,109],"yb_news_series":[],"yb_language":[],"class_list":["post-9332","post","type-post","status-publish","format-standard","has-post-thumbnail","hentry","category-kultur-sanat","category-sinema","tag-canli-akis-kultur-sanat","tag-kultur-sanat","tag-muzik"],"blocksy_meta":[],"_links":{"self":[{"href":"https:\/\/yurtbakisi.com\/index.php?rest_route=\/wp\/v2\/posts\/9332","targetHints":{"allow":["GET"]}}],"collection":[{"href":"https:\/\/yurtbakisi.com\/index.php?rest_route=\/wp\/v2\/posts"}],"about":[{"href":"https:\/\/yurtbakisi.com\/index.php?rest_route=\/wp\/v2\/types\/post"}],"author":[{"embeddable":true,"href":"https:\/\/yurtbakisi.com\/index.php?rest_route=\/wp\/v2\/users\/1"}],"replies":[{"embeddable":true,"href":"https:\/\/yurtbakisi.com\/index.php?rest_route=%2Fwp%2Fv2%2Fcomments&post=9332"}],"version-history":[{"count":0,"href":"https:\/\/yurtbakisi.com\/index.php?rest_route=\/wp\/v2\/posts\/9332\/revisions"}],"wp:attachment":[{"href":"https:\/\/yurtbakisi.com\/index.php?rest_route=%2Fwp%2Fv2%2Fmedia&parent=9332"}],"wp:term":[{"taxonomy":"category","embeddable":true,"href":"https:\/\/yurtbakisi.com\/index.php?rest_route=%2Fwp%2Fv2%2Fcategories&post=9332"},{"taxonomy":"post_tag","embeddable":true,"href":"https:\/\/yurtbakisi.com\/index.php?rest_route=%2Fwp%2Fv2%2Ftags&post=9332"},{"taxonomy":"yb_news_series","embeddable":true,"href":"https:\/\/yurtbakisi.com\/index.php?rest_route=%2Fwp%2Fv2%2Fyb_news_series&post=9332"},{"taxonomy":"yb_language","embeddable":true,"href":"https:\/\/yurtbakisi.com\/index.php?rest_route=%2Fwp%2Fv2%2Fyb_language&post=9332"}],"curies":[{"name":"wp","href":"https:\/\/api.w.org\/{rel}","templated":true}]}}