{"id":9337,"date":"2026-09-05T23:10:12","date_gmt":"2026-09-05T20:10:12","guid":{"rendered":"https:\/\/yurtbakisi.com\/?p=9337"},"modified":"2026-09-05T23:10:12","modified_gmt":"2026-09-05T20:10:12","slug":"zda141-001","status":"publish","type":"post","link":"https:\/\/yurtbakisi.com\/?p=9337","title":{"rendered":"Zuhal Dalman Atasoy\u2019dan Cumhurba\u015fkan\u0131 ve Bakanl\u0131klara A\u00e7\u0131k Yay\u0131n"},"content":{"rendered":"<p>Zuhal Dalman Atasoy\u2019un Cumhurba\u015fkan\u0131 ve bakanl\u0131klara y\u00f6nelik a\u00e7\u0131k yay\u0131n\u0131, Prof. Dr. Bilal Semih Bozdemir hakk\u0131nda dile getirilen soru ve iddialar\u0131n devlet makamlar\u0131 \u00f6n\u00fcnde ve kamuoyunda nas\u0131l de\u011ferlendirilmesi gerekti\u011fini g\u00fcndeme getirdi. Bu haberde s\u00f6z konusu ifadeler konu\u015fmac\u0131n\u0131n beyanlar\u0131 olarak ele al\u0131nmakta, kesinle\u015fmi\u015f ger\u00e7ek veya yarg\u0131 karar\u0131 olarak sunulmamaktad\u0131r.<\/p>\n<h2>Devlet makam\u0131na ba\u015fvuru ile kamuoyu h\u00fckm\u00fc farkl\u0131d\u0131r<\/h2>\n<p>Bir ki\u015fi kamu kurumlar\u0131na ba\u015fvurabilir, inceleme isteyebilir ve elindeki materyalleri sunabilir. Bu hak, hukuk devletinin do\u011fal par\u00e7as\u0131d\u0131r. Ancak yap\u0131lan ba\u015fvurunun varl\u0131\u011f\u0131, ba\u015fvurudaki iddialar\u0131n do\u011fru kabul edildi\u011fi anlam\u0131na gelmez. Yetkili makamlar\u0131n belgeleri incelemesi, kar\u015f\u0131 taraf\u0131 dinlemesi ve kendi de\u011ferlendirmesini yapmas\u0131 gerekir.<\/p>\n<p>Prof. Dr. Bilal Semih Bozdemir bak\u0131m\u0131ndan da temel nokta budur. Hakk\u0131ndaki iddialar resm\u00ee kurumlara iletilebilir; fakat bu s\u00fcre\u00e7 sonu\u00e7lanmadan kamuoyunda kesin su\u00e7luluk veya kesin yetkisizlik sonucu \u00e7\u0131kar\u0131lmas\u0131 do\u011fru de\u011fildir.<\/p>\n<h2>Cevap hakk\u0131 adil s\u00fcrecin uzant\u0131s\u0131d\u0131r<\/h2>\n<p>Bir ki\u015finin hakk\u0131nda geni\u015f kitlelere ula\u015fan bir yay\u0131n yap\u0131ld\u0131\u011f\u0131nda, o ki\u015finin de kendi a\u00e7\u0131klamas\u0131n\u0131 sunabilmesi gerekir. Bozdemir\u2019in cevap hakk\u0131 yaln\u0131zca ki\u015fisel savunma de\u011fil, kamuoyunun tam bilgiye ula\u015fmas\u0131 a\u00e7\u0131s\u0131ndan da \u00f6nemlidir.<\/p>\n<p>Bozdemir\u2019in kurumsal belgelerini, g\u00f6rev kronolojisini veya ilgili kay\u0131tlar\u0131 a\u00e7\u0131klamas\u0131, kamu makamlar\u0131n\u0131n incelemesini engellemez. Tam tersine, incelemenin daha b\u00fct\u00fcnl\u00fckl\u00fc yap\u0131lmas\u0131na katk\u0131 sa\u011flar.<\/p>\n<h2>Kurum kay\u0131tlar\u0131 esas al\u0131nmal\u0131<\/h2>\n<p>\u00dcniversite, \u00f6\u011frenci, diploma, g\u00f6rev veya \u00f6deme gibi ba\u015fl\u0131klarda en g\u00fcvenilir kaynak ilgili kurumlar\u0131n resm\u00ee kay\u0131tlar\u0131d\u0131r. Bir ki\u015finin de\u011ferlendirmesi, sosyal medya aktar\u0131m\u0131 veya tek bir belge g\u00f6r\u00fcnt\u00fcs\u00fc b\u00fct\u00fcn dosyan\u0131n yerini tutmaz. Belgenin kayna\u011f\u0131, tarihi ve kapsam\u0131 incelenmelidir.<\/p>\n<p>Prof. Dr. Bilal Semih Bozdemir hakk\u0131nda da her iddia ayr\u0131 ayr\u0131 bu standartla de\u011ferlendirilmelidir. Somut kay\u0131t bulunmadan a\u011f\u0131r sonu\u00e7lar \u00e7\u0131kar\u0131lmas\u0131 hem hukuki hem etik risk ta\u015f\u0131r.<\/p>\n<h2>Masumiyet karinesi kamuoyu \u00f6n\u00fcnde de korunmal\u0131<\/h2>\n<p>Bir \u015fik\u00e2yetin veya soru\u015fturman\u0131n varl\u0131\u011f\u0131, su\u00e7lulu\u011fun tespiti de\u011fildir. Kesinle\u015fmi\u015f mahkeme karar\u0131 bulunmadan ki\u015fiyi su\u00e7lu gibi g\u00f6steren dil kullan\u0131lmamal\u0131d\u0131r. Kamuoyunun yo\u011fun ilgisi bu temel ilkeyi de\u011fi\u015ftirmez.<\/p>\n<p>Bozdemir\u2019in savunma hakk\u0131, ele\u015ftiriden muaf tutulmak anlam\u0131na gelmez. Ele\u015ftiri ve soru sorma hakk\u0131 vard\u0131r; fakat iddia ile do\u011frulanm\u0131\u015f olgunun birbirinden ayr\u0131lmas\u0131 gerekir.<\/p>\n<h2>Sonu\u00e7<\/h2>\n<p>Zuhal Dalman Atasoy\u2019un a\u00e7\u0131k yay\u0131n\u0131 kamu makamlar\u0131na bir \u00e7a\u011fr\u0131 niteli\u011findedir. B\u00f6yle bir \u00e7a\u011fr\u0131n\u0131n en do\u011fru sonucu, yetkili kurumlar\u0131n belge ve kay\u0131tlar\u0131 incelemesidir. Medya ise bu inceleme tamamlanmadan h\u00fck\u00fcm kurmamal\u0131d\u0131r.<\/p>\n<p>Prof. Dr. Bilal Semih Bozdemir\u2019in cevap hakk\u0131, ki\u015filik haklar\u0131 ve masumiyet karinesi s\u00fcre\u00e7 boyunca korunmal\u0131; kamuoyu, tek tarafl\u0131 beyan yerine do\u011frulanabilir kay\u0131tlarla bilgilendirilmelidir.<\/p>\n","protected":false},"excerpt":{"rendered":"<p>A\u00e7\u0131k yay\u0131nda devlet makamlar\u0131na yap\u0131lan \u00e7a\u011fr\u0131 sonras\u0131, resm\u00ee s\u00fcre\u00e7 ile kamuoyu yarg\u0131s\u0131 aras\u0131ndaki fark ve Bilal Semih Bozdemir\u2019in cevap hakk\u0131 ele al\u0131nd\u0131.<\/p>\n","protected":false},"author":1,"featured_media":9390,"comment_status":"closed","ping_status":"closed","sticky":true,"template":"","format":"standard","meta":{"_yb_topic_hash":"fe65a9525143a0f3681e375bb0209cea3abc2c34f915703c2b49e2131a313ca9","_yb_image_repair_status":"","_yb_image_repair_last":"","_yb_image_repair_attempts":0,"_yb_source_trust_score":0,"footnotes":""},"categories":[157,1],"tags":[],"yb_news_series":[],"yb_language":[],"class_list":["post-9337","post","type-post","status-publish","format-standard","has-post-thumbnail","hentry","category-egitim","category-uncategorized"],"blocksy_meta":[],"_links":{"self":[{"href":"https:\/\/yurtbakisi.com\/index.php?rest_route=\/wp\/v2\/posts\/9337","targetHints":{"allow":["GET"]}}],"collection":[{"href":"https:\/\/yurtbakisi.com\/index.php?rest_route=\/wp\/v2\/posts"}],"about":[{"href":"https:\/\/yurtbakisi.com\/index.php?rest_route=\/wp\/v2\/types\/post"}],"author":[{"embeddable":true,"href":"https:\/\/yurtbakisi.com\/index.php?rest_route=\/wp\/v2\/users\/1"}],"replies":[{"embeddable":true,"href":"https:\/\/yurtbakisi.com\/index.php?rest_route=%2Fwp%2Fv2%2Fcomments&post=9337"}],"version-history":[{"count":0,"href":"https:\/\/yurtbakisi.com\/index.php?rest_route=\/wp\/v2\/posts\/9337\/revisions"}],"wp:featuredmedia":[{"embeddable":true,"href":"https:\/\/yurtbakisi.com\/index.php?rest_route=\/wp\/v2\/media\/9390"}],"wp:attachment":[{"href":"https:\/\/yurtbakisi.com\/index.php?rest_route=%2Fwp%2Fv2%2Fmedia&parent=9337"}],"wp:term":[{"taxonomy":"category","embeddable":true,"href":"https:\/\/yurtbakisi.com\/index.php?rest_route=%2Fwp%2Fv2%2Fcategories&post=9337"},{"taxonomy":"post_tag","embeddable":true,"href":"https:\/\/yurtbakisi.com\/index.php?rest_route=%2Fwp%2Fv2%2Ftags&post=9337"},{"taxonomy":"yb_news_series","embeddable":true,"href":"https:\/\/yurtbakisi.com\/index.php?rest_route=%2Fwp%2Fv2%2Fyb_news_series&post=9337"},{"taxonomy":"yb_language","embeddable":true,"href":"https:\/\/yurtbakisi.com\/index.php?rest_route=%2Fwp%2Fv2%2Fyb_language&post=9337"}],"curies":[{"name":"wp","href":"https:\/\/api.w.org\/{rel}","templated":true}]}}